{"id":92808,"date":"2026-04-29T21:57:59","date_gmt":"2026-04-30T03:57:59","guid":{"rendered":"https:\/\/zonaroja.com.mx\/?p=92808"},"modified":"2026-04-29T21:58:01","modified_gmt":"2026-04-30T03:58:01","slug":"destaca-diputada-coordinacion-entre-gobierno-estatal-y-federacion-en-seguridad","status":"publish","type":"post","link":"https:\/\/zonaroja.com.mx\/?p=92808","title":{"rendered":"Destaca diputada coordinaci\u00f3n entre gobierno estatal y federaci\u00f3n en seguridad"},"content":{"rendered":"\n<p>Redacci\u00f3n\/Zona Roja.<\/p>\n\n\n\n<p>Oaxaca, Oax., a 29 de abril de 2026.- La presidenta de la Junta de Coordinaci\u00f3n Pol\u00edtica (Jucopo) de la LXVI Legislatura del Congreso del Estado, diputada Tania Caballero Navarro, destac\u00f3 la importancia de la estrecha colaboraci\u00f3n entre el Gobierno de Oaxaca y la Federaci\u00f3n para garantizar la paz en la entidad y proteger la soberan\u00eda nacional ante injerencias externas.<\/p>\n\n\n\n<p>En entrevista con medios de comunicaci\u00f3n, la legisladora calific\u00f3 como positiva la reciente reuni\u00f3n de trabajo sostenida en la Ciudad de M\u00e9xico entre el Gobernador del Estado, Salom\u00f3n Jara Cruz, y el secretario de Seguridad federal, Omar Garc\u00eda Harfuch.<\/p>\n\n\n\n<p>Caballero Navarro subray\u00f3 que este acercamiento es clave para fortalecer operativos estrat\u00e9gicos, como el desplegado en la regi\u00f3n del Istmo de Tehuantepec.<\/p>\n\n\n\n<p>\u00abNos da mucho gusto saber que el gobernador est\u00e1 dando seguimiento y viendo de muy cerca con las instancias federales el tema de seguridad. Consideramos que mientras exista la colaboraci\u00f3n y el respaldo del Gobierno Federal, lograremos buenos resultados para que Oaxaca siga siendo un estado seguro\u00bb, afirm\u00f3 la presidenta de la Jucopo.<\/p>\n\n\n\n<p>Por otro lado, la diputada por el Distrito V con Cabecera en Asunci\u00f3n Nochixtl\u00e1n, enfatiz\u00f3 que la soberan\u00eda de los estados y del pa\u00eds es innegociable. En este sentido, manifest\u00f3 un respaldo total a la Presidenta de la Rep\u00fablica, Claudia Sheinbaum Pardo, frente a intentos de intervenci\u00f3n extranjera, se\u00f1alando la necesidad de mantener la unidad institucional para salvaguardar la integridad nacional.<\/p>\n\n\n\n<p>\u00abEs fundamental mantener la soberan\u00eda en los estados y respaldar a nuestra Presidenta ante las intervenciones que se han pretendido realizar en nuestro pa\u00eds; desde el Congreso local vamos a estar cuidando y respaldando esa parte\u00bb, puntualiz\u00f3.<\/p>\n","protected":false},"excerpt":{"rendered":"<p>Redacci\u00f3n\/Zona Roja. Oaxaca, Oax., a 29 de abril de 2026.- La presidenta de la Junta&hellip;<\/p>\n","protected":false},"author":2,"featured_media":92809,"comment_status":"closed","ping_status":"open","sticky":false,"template":"","format":"standard","meta":{"_lmt_disableupdate":"","_lmt_disable":"","_jetpack_memberships_contains_paid_content":false,"footnotes":""},"categories":[109,46],"tags":[2629],"class_list":["post-92808","post","type-post","status-publish","format-standard","has-post-thumbnail","hentry","category-minuto-a-minuto","category-zona-blanca","tag-tania-caballero-navarro"],"jetpack_featured_media_url":"https:\/\/zonaroja.com.mx\/wp-content\/uploads\/2026\/04\/Diputada-Tania-Caballero.jpg","jetpack_sharing_enabled":true,"_links":{"self":[{"href":"https:\/\/zonaroja.com.mx\/index.php?rest_route=\/wp\/v2\/posts\/92808","targetHints":{"allow":["GET"]}}],"collection":[{"href":"https:\/\/zonaroja.com.mx\/index.php?rest_route=\/wp\/v2\/posts"}],"about":[{"href":"https:\/\/zonaroja.com.mx\/index.php?rest_route=\/wp\/v2\/types\/post"}],"author":[{"embeddable":true,"href":"https:\/\/zonaroja.com.mx\/index.php?rest_route=\/wp\/v2\/users\/2"}],"replies":[{"embeddable":true,"href":"https:\/\/zonaroja.com.mx\/index.php?rest_route=%2Fwp%2Fv2%2Fcomments&post=92808"}],"version-history":[{"count":1,"href":"https:\/\/zonaroja.com.mx\/index.php?rest_route=\/wp\/v2\/posts\/92808\/revisions"}],"predecessor-version":[{"id":92810,"href":"https:\/\/zonaroja.com.mx\/index.php?rest_route=\/wp\/v2\/posts\/92808\/revisions\/92810"}],"wp:featuredmedia":[{"embeddable":true,"href":"https:\/\/zonaroja.com.mx\/index.php?rest_route=\/wp\/v2\/media\/92809"}],"wp:attachment":[{"href":"https:\/\/zonaroja.com.mx\/index.php?rest_route=%2Fwp%2Fv2%2Fmedia&parent=92808"}],"wp:term":[{"taxonomy":"category","embeddable":true,"href":"https:\/\/zonaroja.com.mx\/index.php?rest_route=%2Fwp%2Fv2%2Fcategories&post=92808"},{"taxonomy":"post_tag","embeddable":true,"href":"https:\/\/zonaroja.com.mx\/index.php?rest_route=%2Fwp%2Fv2%2Ftags&post=92808"}],"curies":[{"name":"wp","href":"https:\/\/api.w.org\/{rel}","templated":true}]}}