{"id":9281,"date":"2020-02-28T07:44:32","date_gmt":"2020-02-28T13:44:32","guid":{"rendered":"http:\/\/www.zonaroja.com.mx\/?p=9281"},"modified":"2020-02-28T07:44:37","modified_gmt":"2020-02-28T13:44:37","slug":"llega-la-pesadilla-del-coronavirus-a-mexico-confirman-dos-casos","status":"publish","type":"post","link":"https:\/\/zonaroja.com.mx\/?p=9281","title":{"rendered":"Llega la pesadilla del coronavirus a M\u00e9xico; confirman dos casos"},"content":{"rendered":"\n<p>Redacci\u00f3n\/Zona Roja Cdmx.<\/p>\n\n\n\n<p>Ciudad de M\u00e9xico, 28 de febrero de 2020.-\nLuego de entrar a Latinoam\u00e9rica por Brasil, el coronavirus ya lleg\u00f3 a M\u00e9xico.<\/p>\n\n\n\n<p>La ma\u00f1ana de hoy, en la conferencia de\nprensa del Presidente Andr\u00e9s Manuel L\u00f3pez Obrador, fueron confirmados dos casos,\nuno en la Ciudad de M\u00e9xico y el otro en Sinaloa.<\/p>\n\n\n\n<p>De acuerdo con los primeros informes, se\ntrata de dos hombres que viajaron a Italia y que dieron positivo a las dos\npruebas que le hicieron, detall\u00f3 el subsecretario de Prevenci\u00f3n y Promoci\u00f3n de\nla Salud de la Secretar\u00eda de Salud, Hugo L\u00f3pez-Gatell Ram\u00edrez. <\/p>\n\n\n\n<p>El primer caso se trata de un hombre\nque viaj\u00f3 a Italia y que dio positivo a las dos pruebas que le hicieron en la\nCiudad de M\u00e9xico y el segundo se registra en el estado de Sinaloa. <\/p>\n\n\n\n<p>El primer paciente se encuentra aislado\nen el Instituto Nacional de Enfermedades Respiratorias (INER), donde ya est\u00e1\nrecibiendo atenci\u00f3n. <\/p>\n\n\n\n<p>Se trata de un hombre de 35 a\u00f1os que\ntiene antecedente de viaje al norte de Italia. De acuerdo con lo dicho por el\nsubsecretario, presenta s\u00edntomas leves como dolor de cabeza y muscular, fiebre,\ntos y estornudos, pero no tiene neumon\u00eda.<\/p>\n","protected":false},"excerpt":{"rendered":"<p>Redacci\u00f3n\/Zona Roja Cdmx. Ciudad de M\u00e9xico, 28 de febrero de 2020.- Luego de entrar a&hellip;<\/p>\n","protected":false},"author":2,"featured_media":9282,"comment_status":"closed","ping_status":"open","sticky":false,"template":"","format":"standard","meta":{"_lmt_disableupdate":"","_lmt_disable":"","_jetpack_memberships_contains_paid_content":false,"footnotes":""},"categories":[109,47],"tags":[1328],"class_list":["post-9281","post","type-post","status-publish","format-standard","has-post-thumbnail","hentry","category-minuto-a-minuto","category-zona-gris","tag-coronavirus-mexico"],"jetpack_featured_media_url":"https:\/\/zonaroja.com.mx\/wp-content\/uploads\/2020\/02\/Coronavirus-M\u00e9xico-2.jpg","jetpack_sharing_enabled":true,"_links":{"self":[{"href":"https:\/\/zonaroja.com.mx\/index.php?rest_route=\/wp\/v2\/posts\/9281","targetHints":{"allow":["GET"]}}],"collection":[{"href":"https:\/\/zonaroja.com.mx\/index.php?rest_route=\/wp\/v2\/posts"}],"about":[{"href":"https:\/\/zonaroja.com.mx\/index.php?rest_route=\/wp\/v2\/types\/post"}],"author":[{"embeddable":true,"href":"https:\/\/zonaroja.com.mx\/index.php?rest_route=\/wp\/v2\/users\/2"}],"replies":[{"embeddable":true,"href":"https:\/\/zonaroja.com.mx\/index.php?rest_route=%2Fwp%2Fv2%2Fcomments&post=9281"}],"version-history":[{"count":1,"href":"https:\/\/zonaroja.com.mx\/index.php?rest_route=\/wp\/v2\/posts\/9281\/revisions"}],"predecessor-version":[{"id":9283,"href":"https:\/\/zonaroja.com.mx\/index.php?rest_route=\/wp\/v2\/posts\/9281\/revisions\/9283"}],"wp:featuredmedia":[{"embeddable":true,"href":"https:\/\/zonaroja.com.mx\/index.php?rest_route=\/wp\/v2\/media\/9282"}],"wp:attachment":[{"href":"https:\/\/zonaroja.com.mx\/index.php?rest_route=%2Fwp%2Fv2%2Fmedia&parent=9281"}],"wp:term":[{"taxonomy":"category","embeddable":true,"href":"https:\/\/zonaroja.com.mx\/index.php?rest_route=%2Fwp%2Fv2%2Fcategories&post=9281"},{"taxonomy":"post_tag","embeddable":true,"href":"https:\/\/zonaroja.com.mx\/index.php?rest_route=%2Fwp%2Fv2%2Ftags&post=9281"}],"curies":[{"name":"wp","href":"https:\/\/api.w.org\/{rel}","templated":true}]}}