{"id":92825,"date":"2026-04-30T13:47:46","date_gmt":"2026-04-30T19:47:46","guid":{"rendered":"https:\/\/zonaroja.com.mx\/?p=92825"},"modified":"2026-04-30T13:47:46","modified_gmt":"2026-04-30T19:47:46","slug":"exhiben-a-deudores-alimentarios-de-oaxaca-en-el-dia-de-las-y-los-ninos","status":"publish","type":"post","link":"https:\/\/zonaroja.com.mx\/?p=92825","title":{"rendered":"Exhiben a deudores alimentarios de Oaxaca, en el D\u00eda de las y los Ni\u00f1os"},"content":{"rendered":"\n<p>Lisbeth Mej\u00eda Reyes\/Zona Roja.&nbsp;<\/p>\n\n\n\n<p>Oaxaca, Oax., a 30 de abril de 2026.- La colectiva Madres Aut\u00f3nomas de Oaxaca exhibi\u00f3 este 30 de abril a los deudores alimentarios de sus hijos, hombres que incluso arrastran demandas desde hace m\u00e1s de 10 a\u00f1os por el incumplimiento de sus responsabilidades y por la violencia que esto conlleva.<\/p>\n\n\n\n<p>A trav\u00e9s de lonas colgadas en diversos puentes peatonales de la capital oaxaque\u00f1a y de la zona metropolitana, las madres mostraron los rostros y nombres de los deudores alimentarios, as\u00ed como el n\u00famero de expediente de las demandas. La acci\u00f3n es una manera de se\u00f1alar a quienes violentan econ\u00f3micamente a las infancias.<\/p>\n\n\n\n<p>En las redes sociales, la colectiva explic\u00f3 que la protesta es para \u00abhacer lo que el sistema de justicia se ha negado a hacer: se\u00f1alar a los deudores alimentarios\u00bb.<\/p>\n\n\n\n<p>\u00abS\u00ed, tuvimos que llegar a esto. A exhibir. A nombrar. A incomodar. Porque mientras las instituciones retrasan, minimizan o ignoran, hay infancias que est\u00e1n siendo abandonadas todos los d\u00edas. Hay mesas sin comida, hay escuelas sin pagar, hay vidas sostenidas \u00fanicamente por la fuerza de madres que no deber\u00edan cargar solas con todo\u00bb, expresaron.<\/p>\n\n\n\n<p>De acuerdo con el Registro Civil de Oaxaca, son m\u00e1s de 400 los deudores alimentarios en Oaxaca.&nbsp;<\/p>\n\n\n\n<p>En este registro, disponible en el sitio web del organismo gubernamental, la mayor\u00eda son hombres. Entre los deudores figura el empresario Carlos Castellanos del Campo, as\u00ed como varios de los exhibidos en los tendederos.<\/p>\n\n\n\n<p>En la protesta de este jueves, hecha en el D\u00eda de las y los Ni\u00f1os, la colectiva tambi\u00e9n hizo un llamado p\u00fablico a la Fiscal\u00eda General del Estado de Oaxaca, al Tribunal Superior de Justicia del estado, principalmente a los jueces de los juzgados familiares a no encubrir m\u00e1s a los \u00abdelincuentes deudores alimentarios\u00bb.<\/p>\n\n\n\n<p>\u00abEl silencio es complicidad. Y nosotras ya no estamos dispuestas a sostenerlo. Este tendedero no es venganza. Es denuncia. Es memoria. Es exigencia\u00bb, apuntaron, al se\u00f1alar que llegaron a esta protests porque \u00abel sistema protege m\u00e1s a los deudores que a las infancias. Porque los expedientes duermen en escritorios mientras nuestras hijas e hijos crecen sin lo que por derecho les corresponde.<\/p>\n\n\n\n<p>Hoy gritamos en puentes, en calles y en redes:<\/p>\n\n\n\n<p>\u00a1Las deudas alimentarias tambi\u00e9n son violencia!\u00bb.<\/p>\n\n\n\n<p>Con esta acci\u00f3n p\u00fablica, en la que tambi\u00e9n citaron a la Ley Sabina para garantizar los derechos de las infancias y para que se sancione a los deudores, la colectiva subray\u00f3 que: \u00absi la justicia no llega, la vamos a empujar, a se\u00f1alar y a exigir hasta que incomode lo suficiente para que act\u00fae\u00bb.<\/p>\n\n\n\n<p>En esta protesta, la colectiva llam\u00f3 a la sociedad no ignorar este tipo de violencia en contra de las infancias y sus madres. Tambi\u00e9n remarc\u00f3 su exigencia de justicia hacia las autoridades y record\u00f3 a los deudores que \u00abla omisi\u00f3n tambi\u00e9n tiene consecuencias\u00bb.<\/p>\n","protected":false},"excerpt":{"rendered":"<p>Lisbeth Mej\u00eda Reyes\/Zona Roja.&nbsp; Oaxaca, Oax., a 30 de abril de 2026.- La colectiva Madres&hellip;<\/p>\n","protected":false},"author":2,"featured_media":92822,"comment_status":"closed","ping_status":"open","sticky":false,"template":"","format":"standard","meta":{"_lmt_disableupdate":"","_lmt_disable":"","_jetpack_memberships_contains_paid_content":false,"footnotes":""},"categories":[109,47],"tags":[],"class_list":["post-92825","post","type-post","status-publish","format-standard","has-post-thumbnail","hentry","category-minuto-a-minuto","category-zona-gris"],"jetpack_featured_media_url":"https:\/\/zonaroja.com.mx\/wp-content\/uploads\/2026\/04\/collage_export_3ce90b35-e37d-4690-b5f4-1ffebfb307e5-2.jpg","jetpack_sharing_enabled":true,"_links":{"self":[{"href":"https:\/\/zonaroja.com.mx\/index.php?rest_route=\/wp\/v2\/posts\/92825","targetHints":{"allow":["GET"]}}],"collection":[{"href":"https:\/\/zonaroja.com.mx\/index.php?rest_route=\/wp\/v2\/posts"}],"about":[{"href":"https:\/\/zonaroja.com.mx\/index.php?rest_route=\/wp\/v2\/types\/post"}],"author":[{"embeddable":true,"href":"https:\/\/zonaroja.com.mx\/index.php?rest_route=\/wp\/v2\/users\/2"}],"replies":[{"embeddable":true,"href":"https:\/\/zonaroja.com.mx\/index.php?rest_route=%2Fwp%2Fv2%2Fcomments&post=92825"}],"version-history":[{"count":1,"href":"https:\/\/zonaroja.com.mx\/index.php?rest_route=\/wp\/v2\/posts\/92825\/revisions"}],"predecessor-version":[{"id":92826,"href":"https:\/\/zonaroja.com.mx\/index.php?rest_route=\/wp\/v2\/posts\/92825\/revisions\/92826"}],"wp:featuredmedia":[{"embeddable":true,"href":"https:\/\/zonaroja.com.mx\/index.php?rest_route=\/wp\/v2\/media\/92822"}],"wp:attachment":[{"href":"https:\/\/zonaroja.com.mx\/index.php?rest_route=%2Fwp%2Fv2%2Fmedia&parent=92825"}],"wp:term":[{"taxonomy":"category","embeddable":true,"href":"https:\/\/zonaroja.com.mx\/index.php?rest_route=%2Fwp%2Fv2%2Fcategories&post=92825"},{"taxonomy":"post_tag","embeddable":true,"href":"https:\/\/zonaroja.com.mx\/index.php?rest_route=%2Fwp%2Fv2%2Ftags&post=92825"}],"curies":[{"name":"wp","href":"https:\/\/api.w.org\/{rel}","templated":true}]}}