{"id":92832,"date":"2026-04-30T17:55:23","date_gmt":"2026-04-30T23:55:23","guid":{"rendered":"https:\/\/zonaroja.com.mx\/?p=92832"},"modified":"2026-04-30T17:55:25","modified_gmt":"2026-04-30T23:55:25","slug":"concluye-proceso-de-evaluacion-de-delegaciones-rumbo-a-la-guelaguetza-2026","status":"publish","type":"post","link":"https:\/\/zonaroja.com.mx\/?p=92832","title":{"rendered":"Concluye proceso de evaluaci\u00f3n de delegaciones rumbo a la Guelaguetza 2026"},"content":{"rendered":"\n<p>Redacci\u00f3n\/Zona Roja.<\/p>\n\n\n\n<p>Oaxaca de Ju\u00e1rez, Oax., a 30 de abril de 2026.- El Gobierno del Estado, a trav\u00e9s de la Secretar\u00eda de las Culturas y Artes (Seculta), dio a conocer que concluy\u00f3 el proceso de evaluaci\u00f3n de las delegaciones que participar\u00e1n en las emisiones de la Guelaguetza 2026, a realizarse el 20 y 27 de julio.<\/p>\n\n\n\n<p>Este proceso se llev\u00f3 a cabo del 10 al 26 de abril, as\u00ed como el martes 28, con la participaci\u00f3n de m\u00e1s de 80 delegaciones de las ocho regiones del estado: Costa, Istmo de Tehuantepec, Mixteca, Cuenca del Papaloapan, Sierra de Flores Mag\u00f3n, Sierra de Ju\u00e1rez, Sierra Sur y Valles Centrales.<\/p>\n\n\n\n<p>Las jornadas de evaluaci\u00f3n contaron con el acompa\u00f1amiento de 24 grupos de Consejeros y Consejeras Interculturales, integrados por tres personas de cada una de las culturas: mixteca, afromexicana, chatina, mestiza, zapoteca, zoque, ikoots, chocholteca, mazateca, mixe, tacuate y amuzga.&nbsp;<\/p>\n\n\n\n<p>En coordinaci\u00f3n con personal de la Seculta, se acudi\u00f3 de manera presencial a cada uno de los municipios para realizar la valoraci\u00f3n de las presentaciones en territorio, en las que se consideraron elementos culturales, hist\u00f3ricos y de representaci\u00f3n comunitaria.<\/p>\n\n\n\n<p>Durante este proceso, participaron representantes de diversas culturas originarias y del pueblo afromexicano, quienes presentaron danzas, m\u00fasica, ceremonias y expresiones tradicionales que forman parte de su patrimonio cultural.<\/p>\n\n\n\n<p>Las delegaciones evaluadas continuar\u00e1n rumbo a su posible participaci\u00f3n en la Rotonda de las Azucenas, escenario principal de la Guelaguetza, fiesta m\u00e1xima de las y los oaxaque\u00f1os.<\/p>\n\n\n\n<p>En la primera semana de mayo se anunciar\u00e1n las delegaciones seleccionadas.<\/p>\n","protected":false},"excerpt":{"rendered":"<p>Redacci\u00f3n\/Zona Roja. Oaxaca de Ju\u00e1rez, Oax., a 30 de abril de 2026.- El Gobierno del&hellip;<\/p>\n","protected":false},"author":2,"featured_media":92834,"comment_status":"closed","ping_status":"open","sticky":false,"template":"","format":"standard","meta":{"_lmt_disableupdate":"","_lmt_disable":"","_jetpack_memberships_contains_paid_content":false,"footnotes":""},"categories":[109,46],"tags":[4639,3368],"class_list":["post-92832","post","type-post","status-publish","format-standard","has-post-thumbnail","hentry","category-minuto-a-minuto","category-zona-blanca","tag-guelaguetza-oaxaca-2026","tag-secretaria-de-las-culturas-seculta"],"jetpack_featured_media_url":"https:\/\/zonaroja.com.mx\/wp-content\/uploads\/2026\/04\/Evaluacion-delegaciones-Guelaguetza.jpeg","jetpack_sharing_enabled":true,"_links":{"self":[{"href":"https:\/\/zonaroja.com.mx\/index.php?rest_route=\/wp\/v2\/posts\/92832","targetHints":{"allow":["GET"]}}],"collection":[{"href":"https:\/\/zonaroja.com.mx\/index.php?rest_route=\/wp\/v2\/posts"}],"about":[{"href":"https:\/\/zonaroja.com.mx\/index.php?rest_route=\/wp\/v2\/types\/post"}],"author":[{"embeddable":true,"href":"https:\/\/zonaroja.com.mx\/index.php?rest_route=\/wp\/v2\/users\/2"}],"replies":[{"embeddable":true,"href":"https:\/\/zonaroja.com.mx\/index.php?rest_route=%2Fwp%2Fv2%2Fcomments&post=92832"}],"version-history":[{"count":1,"href":"https:\/\/zonaroja.com.mx\/index.php?rest_route=\/wp\/v2\/posts\/92832\/revisions"}],"predecessor-version":[{"id":92835,"href":"https:\/\/zonaroja.com.mx\/index.php?rest_route=\/wp\/v2\/posts\/92832\/revisions\/92835"}],"wp:featuredmedia":[{"embeddable":true,"href":"https:\/\/zonaroja.com.mx\/index.php?rest_route=\/wp\/v2\/media\/92834"}],"wp:attachment":[{"href":"https:\/\/zonaroja.com.mx\/index.php?rest_route=%2Fwp%2Fv2%2Fmedia&parent=92832"}],"wp:term":[{"taxonomy":"category","embeddable":true,"href":"https:\/\/zonaroja.com.mx\/index.php?rest_route=%2Fwp%2Fv2%2Fcategories&post=92832"},{"taxonomy":"post_tag","embeddable":true,"href":"https:\/\/zonaroja.com.mx\/index.php?rest_route=%2Fwp%2Fv2%2Ftags&post=92832"}],"curies":[{"name":"wp","href":"https:\/\/api.w.org\/{rel}","templated":true}]}}