{"id":92836,"date":"2026-04-30T18:27:11","date_gmt":"2026-05-01T00:27:11","guid":{"rendered":"https:\/\/zonaroja.com.mx\/?p=92836"},"modified":"2026-04-30T18:27:12","modified_gmt":"2026-05-01T00:27:12","slug":"despues-de-una-decada-habra-eleccion-de-rector-en-la-uabjo","status":"publish","type":"post","link":"https:\/\/zonaroja.com.mx\/?p=92836","title":{"rendered":"Despu\u00e9s de una d\u00e9cada, habr\u00e1 elecci\u00f3n de rector en la UABJO"},"content":{"rendered":"\n<p>Lisbeth Mej\u00eda Reyes\/Zona Roja.<\/p>\n\n\n\n<p>Oaxaca, Oax., a 30 de abril de 2026.- Despu\u00e9s de 10 a\u00f1os del \u00faltimo proceso, habr\u00e1 elecci\u00f3n para rector de la Universidad Aut\u00f3noma \u201cBenito Ju\u00e1rez\u201d de Oaxaca.<\/p>\n\n\n\n<p>Este 30 de abril, en solitario o con recorridos a manera de calenda, tres aspirantes a dirigir la UABJO acudieron a la Facultad de Bellas Artes para inscribirse como candidatos ante la Comisi\u00f3n Electoral del Consejo Universitario, rumbo a la elecci\u00f3n del pr\u00f3ximo 13 de mayo.<\/p>\n\n\n\n<p>Antes del proceso, eran al menos siete los precandidatos que hab\u00edan externado su aspiraci\u00f3n a la rector\u00eda, aunque fueron declinando. Am\u00edlcar Sosa Velasco, uno de ellos, se baj\u00f3 de la contienda en favor de Farid Acevedo, un d\u00eda antes del registro.<\/p>\n\n\n\n<p>En cuanto a los tres candidatos, todos egresados de la UABJO, han tenido una trayectoria docente en la m\u00e1xima casa de estudios de Oaxaca, pero tambi\u00e9n han incursionado en la pol\u00edtica.&nbsp;<\/p>\n\n\n\n<p>Ahora buscan la rector\u00eda para el periodo 2026-2030 y suceder a Cristian Eder Carre\u00f1o, quien lleg\u00f3 al puesto en 2022 como rector interino y despu\u00e9s fue confirmado en el cargo para cumplir el periodo 2022-2026.<\/p>\n\n\n\n<p>Antes de esta elecci\u00f3n, la UABJO solamente hab\u00eda tenido votaciones en mayo del 2016, cuando fue electo como rector Eduardo Bautista Mart\u00ednez para el periodo 2016-2020.&nbsp;<\/p>\n\n\n\n<p>Sin embargo, por la pandemia de Covid-19, el Consejo Universitario le prorrog\u00f3 el cargo por dos a\u00f1os m\u00e1s, hasta que en abril de 2022 renunci\u00f3 en medio de presiones por su salida.<\/p>\n\n\n\n<p>La nueva contienda se da en un contexto en el que se han denunciado actos anticipados de campa\u00f1a y la presunta intromisi\u00f3n del gobierno estatal en la UABJO, instituci\u00f3n que hasta el ciclo escolar 2024-2025 contaba con una matr\u00edcula de 29,259.&nbsp;<\/p>\n\n\n\n<p>El mayor n\u00famero en el nivel superior (con alrededor de 20,017) y el resto en el medio superior (9,242), de acuerdo con la Direcci\u00f3n General de Educaci\u00f3n Superior Universitaria e Intercultural del gobierno federal.<\/p>\n\n\n\n<p>LOS CANDIDATOS<\/p>\n\n\n\n<p>Alexander P\u00e9rez Carrera, el primero en inscribirse como candidato, cuenta con maestr\u00eda en Derecho Constitucional, tambi\u00e9n en Litigio Estrat\u00e9gico Internacional en Derechos Humanos (Ginebra, Suiza) y doctorante en Derecho.&nbsp;<\/p>\n\n\n\n<p>Ha sido coordinador de Estudios de Posgrado de la Facultad de Derecho y Ciencias Sociales de la UABJO (2016-2019) y coordinador de Capacitaci\u00f3n y Derechos Humanos del Tribunal de Justicia Administrativa del Estado de Oaxaca.&nbsp;<\/p>\n\n\n\n<p>En 2025, asumi\u00f3 el cargo de secretario municipal en el ayuntamiento de Oaxaca de Ju\u00e1rez, de donde renunci\u00f3 en marzo para participar en la elecci\u00f3n. P\u00e9rez se\u00f1ala contar con 19 a\u00f1os de trayectoria docente.<\/p>\n\n\n\n<p>Enrique Mart\u00ednez Mart\u00ednez egres\u00f3 como odont\u00f3logo de la UABJO y se especializ\u00f3 en cirug\u00eda maxilofacial en el Hospital Ju\u00e1rez de M\u00e9xico.&nbsp;<\/p>\n\n\n\n<p>Realiz\u00f3 la maestr\u00eda en Educaci\u00f3n, Campo de Planeaci\u00f3n y Administraci\u00f3n de la Educaci\u00f3n en la UABJO, adem\u00e1s de ser doctor en Ciencias Odontol\u00f3gicas por la Universidad de Granada, Espa\u00f1a. En la docencia, el candidato refiere contar con 38 a\u00f1os de experiencia.<\/p>\n\n\n\n<p>Farid Acevedo L\u00f3pez renunci\u00f3 en marzo al cargo de secretario de Finanzas para participar en la contienda. Antes de ser parte de la administraci\u00f3n del gobernador Salom\u00f3n Jara, fue presidente municipal de San Pablo Huitzo. Seg\u00fan su curr\u00edculum, de 2008 a 2021 fue catedr\u00e1tico de Contadur\u00eda y Administraci\u00f3n en la UABJO. Adem\u00e1s de socio y director general en Ideas Estrat\u00e9gicas de Negocios de Antequera S.C. (2006-2021).<\/p>\n","protected":false},"excerpt":{"rendered":"<p>Lisbeth Mej\u00eda Reyes\/Zona Roja. Oaxaca, Oax., a 30 de abril de 2026.- Despu\u00e9s de 10&hellip;<\/p>\n","protected":false},"author":2,"featured_media":92840,"comment_status":"closed","ping_status":"open","sticky":false,"template":"","format":"standard","meta":{"_lmt_disableupdate":"","_lmt_disable":"","_jetpack_memberships_contains_paid_content":false,"footnotes":""},"categories":[109,46],"tags":[4788],"class_list":["post-92836","post","type-post","status-publish","format-standard","has-post-thumbnail","hentry","category-minuto-a-minuto","category-zona-blanca","tag-eleccion-uabjo"],"jetpack_featured_media_url":"https:\/\/zonaroja.com.mx\/wp-content\/uploads\/2026\/04\/Aspiranes-a-la-rectoria-UABJO.jpg","jetpack_sharing_enabled":true,"_links":{"self":[{"href":"https:\/\/zonaroja.com.mx\/index.php?rest_route=\/wp\/v2\/posts\/92836","targetHints":{"allow":["GET"]}}],"collection":[{"href":"https:\/\/zonaroja.com.mx\/index.php?rest_route=\/wp\/v2\/posts"}],"about":[{"href":"https:\/\/zonaroja.com.mx\/index.php?rest_route=\/wp\/v2\/types\/post"}],"author":[{"embeddable":true,"href":"https:\/\/zonaroja.com.mx\/index.php?rest_route=\/wp\/v2\/users\/2"}],"replies":[{"embeddable":true,"href":"https:\/\/zonaroja.com.mx\/index.php?rest_route=%2Fwp%2Fv2%2Fcomments&post=92836"}],"version-history":[{"count":1,"href":"https:\/\/zonaroja.com.mx\/index.php?rest_route=\/wp\/v2\/posts\/92836\/revisions"}],"predecessor-version":[{"id":92841,"href":"https:\/\/zonaroja.com.mx\/index.php?rest_route=\/wp\/v2\/posts\/92836\/revisions\/92841"}],"wp:featuredmedia":[{"embeddable":true,"href":"https:\/\/zonaroja.com.mx\/index.php?rest_route=\/wp\/v2\/media\/92840"}],"wp:attachment":[{"href":"https:\/\/zonaroja.com.mx\/index.php?rest_route=%2Fwp%2Fv2%2Fmedia&parent=92836"}],"wp:term":[{"taxonomy":"category","embeddable":true,"href":"https:\/\/zonaroja.com.mx\/index.php?rest_route=%2Fwp%2Fv2%2Fcategories&post=92836"},{"taxonomy":"post_tag","embeddable":true,"href":"https:\/\/zonaroja.com.mx\/index.php?rest_route=%2Fwp%2Fv2%2Ftags&post=92836"}],"curies":[{"name":"wp","href":"https:\/\/api.w.org\/{rel}","templated":true}]}}