{"id":9284,"date":"2020-02-28T08:44:17","date_gmt":"2020-02-28T14:44:17","guid":{"rendered":"http:\/\/www.zonaroja.com.mx\/?p=9284"},"modified":"2020-02-28T08:47:27","modified_gmt":"2020-02-28T14:47:27","slug":"incesante-la-violencia-en-salina-cruz-ejecutan-a-uno-cerca-de-bachillerato","status":"publish","type":"post","link":"https:\/\/zonaroja.com.mx\/?p=9284","title":{"rendered":"Incesante la violencia en Salina Cruz; ejecutan a uno cerca de bachillerato"},"content":{"rendered":"\n<p>Redacci\u00f3n\/Zona Roja.<\/p>\n\n\n\n<p>Oaxaca de Ju\u00e1rez, Oax., 28 de febrero\nde 2020.- Frente a la pasividad de la Polic\u00eda Municipal, un sujeto fue\nasesinado a balazos anoche en la ciudad y puerto de Salina Cruz, Oaxaca.<\/p>\n\n\n\n<p>De acuerdo con reportes oficiales, el\ncuerpo fue hallado en el interior de un veh\u00edculo marca Honda, tipo Civic, con\nplacas de circulaci\u00f3n TLP-6045 de Oaxaca, estacionado frente a una escuela de\nbachillerato, en la avenida Oleoducto de la colonia Hidalgo Oriente.<\/p>\n\n\n\n<p>La v\u00edctima, que presenta varios\ndisparos de armas de fuego, fue identificada de manera preliminar como On\u00e9simo\nGonz\u00e1lez Ram\u00edrez, de aproximadamente 32 a\u00f1os de edad.<\/p>\n\n\n\n<p>Hasta el momento no se tienen indicios\ndel o los probables autores del asesinato; en Salina Cruz, municipio gobernado\npor Juan Carlos Atecas, se han incrementado de manera alarmante los delitos,\nsin que la autoridad local act\u00fae.<\/p>\n","protected":false},"excerpt":{"rendered":"<p>Redacci\u00f3n\/Zona Roja. Oaxaca de Ju\u00e1rez, Oax., 28 de febrero de 2020.- Frente a la pasividad&hellip;<\/p>\n","protected":false},"author":2,"featured_media":9285,"comment_status":"closed","ping_status":"open","sticky":false,"template":"","format":"standard","meta":{"_lmt_disableupdate":"","_lmt_disable":"","_jetpack_memberships_contains_paid_content":false,"footnotes":""},"categories":[109,51],"tags":[1443],"class_list":["post-9284","post","type-post","status-publish","format-standard","has-post-thumbnail","hentry","category-minuto-a-minuto","category-zona-roja","tag-ejecutado-en-salina-cruz-colonia-hidalgo-oriente"],"jetpack_featured_media_url":"https:\/\/zonaroja.com.mx\/wp-content\/uploads\/2020\/02\/Ejecutado-Salina-Cruz.jpg","jetpack_sharing_enabled":true,"_links":{"self":[{"href":"https:\/\/zonaroja.com.mx\/index.php?rest_route=\/wp\/v2\/posts\/9284","targetHints":{"allow":["GET"]}}],"collection":[{"href":"https:\/\/zonaroja.com.mx\/index.php?rest_route=\/wp\/v2\/posts"}],"about":[{"href":"https:\/\/zonaroja.com.mx\/index.php?rest_route=\/wp\/v2\/types\/post"}],"author":[{"embeddable":true,"href":"https:\/\/zonaroja.com.mx\/index.php?rest_route=\/wp\/v2\/users\/2"}],"replies":[{"embeddable":true,"href":"https:\/\/zonaroja.com.mx\/index.php?rest_route=%2Fwp%2Fv2%2Fcomments&post=9284"}],"version-history":[{"count":1,"href":"https:\/\/zonaroja.com.mx\/index.php?rest_route=\/wp\/v2\/posts\/9284\/revisions"}],"predecessor-version":[{"id":9286,"href":"https:\/\/zonaroja.com.mx\/index.php?rest_route=\/wp\/v2\/posts\/9284\/revisions\/9286"}],"wp:featuredmedia":[{"embeddable":true,"href":"https:\/\/zonaroja.com.mx\/index.php?rest_route=\/wp\/v2\/media\/9285"}],"wp:attachment":[{"href":"https:\/\/zonaroja.com.mx\/index.php?rest_route=%2Fwp%2Fv2%2Fmedia&parent=9284"}],"wp:term":[{"taxonomy":"category","embeddable":true,"href":"https:\/\/zonaroja.com.mx\/index.php?rest_route=%2Fwp%2Fv2%2Fcategories&post=9284"},{"taxonomy":"post_tag","embeddable":true,"href":"https:\/\/zonaroja.com.mx\/index.php?rest_route=%2Fwp%2Fv2%2Ftags&post=9284"}],"curies":[{"name":"wp","href":"https:\/\/api.w.org\/{rel}","templated":true}]}}