{"id":92844,"date":"2026-04-30T21:27:49","date_gmt":"2026-05-01T03:27:49","guid":{"rendered":"https:\/\/zonaroja.com.mx\/?p=92844"},"modified":"2026-04-30T21:27:52","modified_gmt":"2026-05-01T03:27:52","slug":"con-bloqueos-mototaxistas-de-juchitan-rechazan-regularizacion","status":"publish","type":"post","link":"https:\/\/zonaroja.com.mx\/?p=92844","title":{"rendered":"Con bloqueos, mototaxistas de Juchit\u00e1n rechazan regularizaci\u00f3n"},"content":{"rendered":"\n<p>Lisbeth Mej\u00eda Reyes\/Zona Roja.<\/p>\n\n\n\n<p>Oaxaca, Oax., a 30 de abril de 2026.- Por segunda ocasi\u00f3n en una semana y tras se\u00f1alar un presunto incumplimiento de acuerdos por parte de las autoridades, mototaxistas de Juchit\u00e1n de Zaragoza mostraron su rechazo a la regulaci\u00f3n de este transporte que ha saturado a la ciudad.<\/p>\n\n\n\n<p>Este jueves se registr\u00f3 el segundo bloqueo de los conductores en lo que va de la semana, con lo que han afectado el tr\u00e1nsito en la carretera Trans\u00edstmica, la altura del IMECA.<\/p>\n\n\n\n<p>La manifestaci\u00f3n ocurri\u00f3 a la par de que el gobernador Salom\u00f3n Jara Cruz acudi\u00f3 a Juchit\u00e1n para entregar 11 patrullas y 20 motopatrullas del \u201cPlan Juchit\u00e1n por la paz, la justicia y el bienestar\u201d, enmarcados en el programa Oaxaca Segura.<\/p>\n\n\n\n<p>\u00abLos (veh\u00edculos) que se han detenido es porque hay unidades robadas, menores de edad conduciendo en estado de ebriedad, incluso con algunos sustancias psicotr\u00f3picas. Hay varias unidades que se han detenido que no tienen su QR y su folio, que no est\u00e1n censadas\u00bb o que tienen c\u00f3digos clonados, respondi\u00f3 la secretaria de Movilidad, Yesenia Nolasco, a periodistas de Juchit\u00e1n, durante el evento del gobernador.<\/p>\n\n\n\n<p>La funcionaria explic\u00f3 en esa entrevista colectiva que despu\u00e9s del censo realizado en julio de 2025, hubo organizaciones que incumplieron los acuerdos y siguieron agregando mototaxis. \u00abEllos no ha respetado los acuerdos\u00bb, subray\u00f3 Nolasco ante los se\u00f1alamientos de los mototaxistas de que presuntamente es el gobierno el que ha incumplido.<\/p>\n\n\n\n<p>\u00abEn la \u00faltima reuni\u00f3n de hace 15 d\u00edas acordamos que ya no iban a sacar unidades, de que iban a guardarlas y se iban a deshacer de ellas\u00bb, agreg\u00f3 Nolasco.<\/p>\n\n\n\n<p>Las protestas del pasado lunes y de este jueves estallaron poco despu\u00e9s de que el gobierno estatal anunci\u00f3 la estrategia Juchit\u00e1n Segura para enfrentar los altos \u00edndices de delincuencia en la ciudad. De acuerdo con la Fiscal\u00eda General del Estado de Oaxaca, este municipio del Istmo de Tehuantepec es el quinto m\u00e1s inseguro del pa\u00eds.<\/p>\n\n\n\n<p>Los bloqueos tambi\u00e9n ocurrieron a unos d\u00edas del lanzamiento de la estrategia Juchit\u00e1n Segura (15 de abril), con lo que la Secretar\u00eda de Movilidad (Semovi) comenz\u00f3 la revisi\u00f3n de los mototaxis para regularizarlos y depurarlos.&nbsp;<\/p>\n\n\n\n<p>En esta estrategia, seg\u00fan ha explicado Nolasco, tambi\u00e9n se ha comenzado a notificar a las empresas a no vender mototaxistas si quien lo busca no cuenta con la autorizaci\u00f3n de la Semovi o con alguna de las poco m\u00e1s de mil 600 concesiones otorgadas por la dependencia. Aunque tambi\u00e9n aclar\u00f3 que por ahora las concesiones est\u00e1n bloqueadas.<\/p>\n\n\n\n<p>Hasta julio de 2025, antes del nuevo aumento de unidades, la Semovi hab\u00eda contado cinco mil 532 mototaxis en Juchit\u00e1n, de los cuales solamente mil 685 tienen concesiones. El resto est\u00e1 en la irregularidad. Se estima que son m\u00e1s de 120 las organizaciones que los controlan.<\/p>\n\n\n\n<p>El secretario de Gobierno, Jes\u00fas Romero L\u00f3pez, ha dicho que la revisi\u00f3n y regularizaci\u00f3n de los mototaxis es necesaria por su importancia en materia de transporte, pero tambi\u00e9n por su relaci\u00f3n con el crimen.&nbsp;<\/p>\n\n\n\n<p>En Juchit\u00e1n, dijo, hay 60 mototaxis por cada mil habitantes, lo que supera las cifras de India, donde existen los m\u00e1s altos n\u00fameros de unidades de este tipo por cada mil habitantes.<\/p>\n","protected":false},"excerpt":{"rendered":"<p>Lisbeth Mej\u00eda Reyes\/Zona Roja. Oaxaca, Oax., a 30 de abril de 2026.- Por segunda ocasi\u00f3n&hellip;<\/p>\n","protected":false},"author":2,"featured_media":92744,"comment_status":"closed","ping_status":"open","sticky":false,"template":"","format":"standard","meta":{"_lmt_disableupdate":"","_lmt_disable":"","_jetpack_memberships_contains_paid_content":false,"footnotes":""},"categories":[109,47],"tags":[123],"class_list":["post-92844","post","type-post","status-publish","format-standard","has-post-thumbnail","hentry","category-minuto-a-minuto","category-zona-gris","tag-juchitan-de-zaragoza"],"jetpack_featured_media_url":"https:\/\/zonaroja.com.mx\/wp-content\/uploads\/2026\/04\/Protesta-de-mototaxistas-en-Juchitan.jpeg","jetpack_sharing_enabled":true,"_links":{"self":[{"href":"https:\/\/zonaroja.com.mx\/index.php?rest_route=\/wp\/v2\/posts\/92844","targetHints":{"allow":["GET"]}}],"collection":[{"href":"https:\/\/zonaroja.com.mx\/index.php?rest_route=\/wp\/v2\/posts"}],"about":[{"href":"https:\/\/zonaroja.com.mx\/index.php?rest_route=\/wp\/v2\/types\/post"}],"author":[{"embeddable":true,"href":"https:\/\/zonaroja.com.mx\/index.php?rest_route=\/wp\/v2\/users\/2"}],"replies":[{"embeddable":true,"href":"https:\/\/zonaroja.com.mx\/index.php?rest_route=%2Fwp%2Fv2%2Fcomments&post=92844"}],"version-history":[{"count":1,"href":"https:\/\/zonaroja.com.mx\/index.php?rest_route=\/wp\/v2\/posts\/92844\/revisions"}],"predecessor-version":[{"id":92845,"href":"https:\/\/zonaroja.com.mx\/index.php?rest_route=\/wp\/v2\/posts\/92844\/revisions\/92845"}],"wp:featuredmedia":[{"embeddable":true,"href":"https:\/\/zonaroja.com.mx\/index.php?rest_route=\/wp\/v2\/media\/92744"}],"wp:attachment":[{"href":"https:\/\/zonaroja.com.mx\/index.php?rest_route=%2Fwp%2Fv2%2Fmedia&parent=92844"}],"wp:term":[{"taxonomy":"category","embeddable":true,"href":"https:\/\/zonaroja.com.mx\/index.php?rest_route=%2Fwp%2Fv2%2Fcategories&post=92844"},{"taxonomy":"post_tag","embeddable":true,"href":"https:\/\/zonaroja.com.mx\/index.php?rest_route=%2Fwp%2Fv2%2Ftags&post=92844"}],"curies":[{"name":"wp","href":"https:\/\/api.w.org\/{rel}","templated":true}]}}