{"id":92847,"date":"2026-04-30T21:53:26","date_gmt":"2026-05-01T03:53:26","guid":{"rendered":"https:\/\/zonaroja.com.mx\/?p=92847"},"modified":"2026-04-30T21:53:29","modified_gmt":"2026-05-01T03:53:29","slug":"con-enrique-martinez-universitarios-dan-leccion-de-autonomia-en-un-registro-historico","status":"publish","type":"post","link":"https:\/\/zonaroja.com.mx\/?p=92847","title":{"rendered":"Con Enrique Mart\u00ednez, universitarios dan lecci\u00f3n de autonom\u00eda en un registro hist\u00f3rico"},"content":{"rendered":"\n<p>Redacci\u00f3n\/Zona Roja.<\/p>\n\n\n\n<p>Oaxaca, Oax., a 30 de abril de 2026.- A pesar de la tensi\u00f3n y la incertidumbre sobre lo que pudiera ocurrir durante la jornada de este d\u00eda, el registro del candidato de los universitarios Enrique Mart\u00ednez Mart\u00ednez se llev\u00f3 a cabo con un rotundo \u00e9xito, respaldado por la verdadera fuerza de la comunidad acad\u00e9mica y estudiantil.<\/p>\n\n\n\n<p>Lejos de los acarreos y los excesos, hoy los universitarios demostraron que no se necesita el dinero del gobierno ni el aparato de Estado para que su voz sea escuchada.&nbsp;<\/p>\n\n\n\n<p>Sin lonas millonarias, pero armados con cartulinas hechas a mano, creatividad y convicci\u00f3n, lograron comunicar el verdadero sentir de quienes caminan las aulas todos los d\u00edas.<\/p>\n\n\n\n<p>En un acto de profunda rebeld\u00eda pac\u00edfica y simbolismo pol\u00edtico, la comunidad se adue\u00f1\u00f3 del espacio que estaba destinado para el mitin del candidato del gobierno.&nbsp;<\/p>\n\n\n\n<p>Desde ese lugar, mandaron un mensaje claro y contundente de orgullo y dignidad, haciendo retumbar el espacio con una sola voz al entonar las consignas que ya definen a este movimiento: \u201c\u00a1La UABJO no se vende!\u201d y \u201c\u00a1Yo s\u00ed soy UABJO!\u201d.<\/p>\n\n\n\n<p>Este hist\u00f3rico momento deja una lecci\u00f3n imborrable: la M\u00e1xima Casa de Estudios le pertenece \u00fanica y exclusivamente a sus estudiantes, a sus docentes y a sus trabajadores, no a los intereses pol\u00edticos externos.&nbsp;<\/p>\n\n\n\n<p>Hoy ha quedado claro que la verdadera fuerza no radica en el presupuesto oficial, sino en la valent\u00eda de una comunidad que se niega a la imposici\u00f3n. El despertar universitario es imparable y la defensa de la autonom\u00eda ya comenz\u00f3.<\/p>\n\n\n\n<figure class=\"wp-block-embed is-type-rich is-provider-twitter wp-block-embed-twitter\"><div class=\"wp-block-embed__wrapper\">\n<div class=\"twitter-tweet\"><blockquote class=\"twitter-tweet\" data-lang=\"es\"><p lang=\"es\" dir=\"ltr\">B.- Y tras su registro como candidato a la rector\u00eda de la Universidad Aut\u00f3noma \u201cBenito Ju\u00e1rez\u201d de Oaxaca, <a href=\"https:\/\/twitter.com\/enriquemtzmtz?ref_src=twsrc%5Etfw\">@enriquemtzmtz<\/a> encabez\u00f3 un acto multitudinario en la Plaza de la Danza de la capital. <br>Luego de ello, el contingente regres\u00f3 en marcha hacia el z\u00f3calo. <a href=\"https:\/\/t.co\/F9e5CRGCmX\">pic.twitter.com\/F9e5CRGCmX<\/a><\/p>&mdash; Zona Roja Oaxaca (@ZonaRoja_Oaxaca) <a href=\"https:\/\/twitter.com\/ZonaRoja_Oaxaca\/status\/2049978300613701771?ref_src=twsrc%5Etfw\">30 de abril de 2026<\/a><\/blockquote><\/div>\n<\/div><\/figure>\n","protected":false},"excerpt":{"rendered":"<p>Redacci\u00f3n\/Zona Roja. Oaxaca, Oax., a 30 de abril de 2026.- A pesar de la tensi\u00f3n&hellip;<\/p>\n","protected":false},"author":2,"featured_media":92848,"comment_status":"closed","ping_status":"open","sticky":false,"template":"","format":"standard","meta":{"_lmt_disableupdate":"","_lmt_disable":"","_jetpack_memberships_contains_paid_content":false,"footnotes":""},"categories":[109,46],"tags":[4788,4789],"class_list":["post-92847","post","type-post","status-publish","format-standard","has-post-thumbnail","hentry","category-minuto-a-minuto","category-zona-blanca","tag-eleccion-uabjo","tag-enrique-martinez-martinez"],"jetpack_featured_media_url":"https:\/\/zonaroja.com.mx\/wp-content\/uploads\/2026\/04\/Inscripcion-Enrique-Martinez.jpg","jetpack_sharing_enabled":true,"_links":{"self":[{"href":"https:\/\/zonaroja.com.mx\/index.php?rest_route=\/wp\/v2\/posts\/92847","targetHints":{"allow":["GET"]}}],"collection":[{"href":"https:\/\/zonaroja.com.mx\/index.php?rest_route=\/wp\/v2\/posts"}],"about":[{"href":"https:\/\/zonaroja.com.mx\/index.php?rest_route=\/wp\/v2\/types\/post"}],"author":[{"embeddable":true,"href":"https:\/\/zonaroja.com.mx\/index.php?rest_route=\/wp\/v2\/users\/2"}],"replies":[{"embeddable":true,"href":"https:\/\/zonaroja.com.mx\/index.php?rest_route=%2Fwp%2Fv2%2Fcomments&post=92847"}],"version-history":[{"count":1,"href":"https:\/\/zonaroja.com.mx\/index.php?rest_route=\/wp\/v2\/posts\/92847\/revisions"}],"predecessor-version":[{"id":92849,"href":"https:\/\/zonaroja.com.mx\/index.php?rest_route=\/wp\/v2\/posts\/92847\/revisions\/92849"}],"wp:featuredmedia":[{"embeddable":true,"href":"https:\/\/zonaroja.com.mx\/index.php?rest_route=\/wp\/v2\/media\/92848"}],"wp:attachment":[{"href":"https:\/\/zonaroja.com.mx\/index.php?rest_route=%2Fwp%2Fv2%2Fmedia&parent=92847"}],"wp:term":[{"taxonomy":"category","embeddable":true,"href":"https:\/\/zonaroja.com.mx\/index.php?rest_route=%2Fwp%2Fv2%2Fcategories&post=92847"},{"taxonomy":"post_tag","embeddable":true,"href":"https:\/\/zonaroja.com.mx\/index.php?rest_route=%2Fwp%2Fv2%2Ftags&post=92847"}],"curies":[{"name":"wp","href":"https:\/\/api.w.org\/{rel}","templated":true}]}}