{"id":92850,"date":"2026-04-30T21:56:38","date_gmt":"2026-05-01T03:56:38","guid":{"rendered":"https:\/\/zonaroja.com.mx\/?p=92850"},"modified":"2026-04-30T21:56:40","modified_gmt":"2026-05-01T03:56:40","slug":"va-farid-acevedo-por-agenda-academica-y-estabilidad-institucional","status":"publish","type":"post","link":"https:\/\/zonaroja.com.mx\/?p=92850","title":{"rendered":"Va Farid Acevedo por agenda acad\u00e9mica y estabilidad institucional"},"content":{"rendered":"\n<p>Redacci\u00f3n\/Zona Roja.<\/p>\n\n\n\n<p>Oaxaca, Oax., a 30 de abril de 2026.- Farid Acevedo&nbsp;L\u00f3pez&nbsp;inici\u00f3 este mi\u00e9rcoles su campa\u00f1a como&nbsp;candidato a la Rector\u00eda de la Universidad Aut\u00f3noma \u201cBenito Ju\u00e1rez\u201d de Oaxaca (UABJO)&nbsp;para el periodo 2026\u20132030, con un llamado a fortalecer la academia con inclusi\u00f3n y calidad, garantizar la sostenibilidad financiera de la instituci\u00f3n y recuperar la vinculaci\u00f3n social de la m\u00e1xima casa de estudios del estado.<\/p>\n\n\n\n<p>Ante&nbsp;miles de&nbsp;estudiantes, docentes y trabajadores universitarios,&nbsp;Farid&nbsp;Acevedo sostuvo que la UABJO atraviesa un momento decisivo que exige orden institucional, respeto a la normatividad y una conducci\u00f3n acad\u00e9mica que permita recuperar la confianza de su comunidad.<\/p>\n\n\n\n<p>\u201cLa Universidad debe reconciliarse consigo misma, fortalecer su vida acad\u00e9mica y ejercer su autonom\u00eda con responsabilidad y legalidad\u201d, afirm\u00f3 durante el arranque de campa\u00f1a.<\/p>\n\n\n\n<p>El aspirante a Rector plante\u00f3 como eje central de su proyecto el&nbsp;fortalecimiento de la academia, con planes y programas educativos pertinentes, inclusi\u00f3n estudiantil y respaldo al trabajo docente, como base para recuperar el prestigio universitario.<\/p>\n\n\n\n<p>Asimismo, subray\u00f3 que la transformaci\u00f3n institucional debe sostenerse en la&nbsp;estabilidad y sostenibilidad financiera, mediante el uso responsable y transparente de los recursos, as\u00ed como una gesti\u00f3n eficiente ante instancias estatales y federales.<\/p>\n\n\n\n<p>En materia de infraestructura, Acevedo se\u00f1al\u00f3 la necesidad de una planeaci\u00f3n estrat\u00e9gica para la&nbsp;rehabilitaci\u00f3n y mejora de aulas, laboratorios y espacios universitarios, con el objetivo de garantizar condiciones dignas para el aprendizaje y la investigaci\u00f3n.<\/p>\n\n\n\n<p>Uno de los puntos centrales de su mensaje fue la&nbsp;defensa de la autonom\u00eda universitaria, la cual \u2014dijo\u2014 debe ejercerse con estricto apego a la normatividad interna y con el fortalecimiento de los \u00f3rganos de gobierno de la UABJO.<\/p>\n\n\n\n<p>\u201cLa autonom\u00eda se fortalece cuando hay orden, legalidad y decisiones tomadas en beneficio de toda la comunidad universitaria\u201d, sostuvo.<\/p>\n\n\n\n<p>En ese contexto, hizo un llamado a dejar atr\u00e1s las divisiones internas y a avanzar hacia un proyecto incluyente que privilegie el di\u00e1logo y la estabilidad institucional.<\/p>\n\n\n\n<p>Acevedo destac\u00f3 tambi\u00e9n la importancia de reforzar la&nbsp;vinculaci\u00f3n social de la Universidad con su entorno, para que la labor acad\u00e9mica impacte de manera directa en las comunidades, el desarrollo social y los sectores productivos de Oaxaca.<\/p>\n\n\n\n<p>\u201cLa UABJO no puede estar al margen de la realidad del estado; debe ser un actor activo en su transformaci\u00f3n social\u201d, se\u00f1al\u00f3.<\/p>\n\n\n\n<p>El arranque de campa\u00f1a se desarroll\u00f3 en un ambiente de participaci\u00f3n y expectativa por el proceso de renovaci\u00f3n de la Rector\u00eda, que definir\u00e1 el rumbo de la Universidad para el periodo 2026\u20132030.<\/p>\n\n\n\n<p>\u201cLa UABJO debe volver a ser un espacio de orgullo acad\u00e9mico y de servicio para Oaxaca\u201d, concluy\u00f3.<\/p>\n\n\n\n<figure class=\"wp-block-embed is-type-rich is-provider-twitter wp-block-embed-twitter\"><div class=\"wp-block-embed__wrapper\">\n<div class=\"twitter-tweet\"><blockquote class=\"twitter-tweet\" data-lang=\"es\"><p lang=\"es\" dir=\"ltr\">2. Y en un multitudinario acto en la Plaza de la Danza de la ciudad de Oaxaca, <a href=\"https:\/\/twitter.com\/Farid_AcevedoL?ref_src=twsrc%5Etfw\">@Farid_AcevedoL<\/a> recibi\u00f3 el respaldo de la comunidad universitaria, luego de presentar su registro como candidato a la rector\u00eda de la Universidad Aut\u00f3noma \u201cBenito Ju\u00e1rez\u201d de Oaxaca. <a href=\"https:\/\/t.co\/l49kG5ZiNS\">pic.twitter.com\/l49kG5ZiNS<\/a><\/p>&mdash; Zona Roja Oaxaca (@ZonaRoja_Oaxaca) <a href=\"https:\/\/twitter.com\/ZonaRoja_Oaxaca\/status\/2049911878025957488?ref_src=twsrc%5Etfw\">30 de abril de 2026<\/a><\/blockquote><\/div>\n<\/div><\/figure>\n","protected":false},"excerpt":{"rendered":"<p>Redacci\u00f3n\/Zona Roja. Oaxaca, Oax., a 30 de abril de 2026.- Farid Acevedo&nbsp;L\u00f3pez&nbsp;inici\u00f3 este mi\u00e9rcoles su&hellip;<\/p>\n","protected":false},"author":2,"featured_media":92851,"comment_status":"closed","ping_status":"open","sticky":false,"template":"","format":"standard","meta":{"_lmt_disableupdate":"","_lmt_disable":"","_jetpack_memberships_contains_paid_content":false,"footnotes":""},"categories":[109,46],"tags":[4788,3507],"class_list":["post-92850","post","type-post","status-publish","format-standard","has-post-thumbnail","hentry","category-minuto-a-minuto","category-zona-blanca","tag-eleccion-uabjo","tag-farid-acevedo-lopez"],"jetpack_featured_media_url":"https:\/\/zonaroja.com.mx\/wp-content\/uploads\/2026\/04\/Inscripcion-Farid-Acevedo.jpg","jetpack_sharing_enabled":true,"_links":{"self":[{"href":"https:\/\/zonaroja.com.mx\/index.php?rest_route=\/wp\/v2\/posts\/92850","targetHints":{"allow":["GET"]}}],"collection":[{"href":"https:\/\/zonaroja.com.mx\/index.php?rest_route=\/wp\/v2\/posts"}],"about":[{"href":"https:\/\/zonaroja.com.mx\/index.php?rest_route=\/wp\/v2\/types\/post"}],"author":[{"embeddable":true,"href":"https:\/\/zonaroja.com.mx\/index.php?rest_route=\/wp\/v2\/users\/2"}],"replies":[{"embeddable":true,"href":"https:\/\/zonaroja.com.mx\/index.php?rest_route=%2Fwp%2Fv2%2Fcomments&post=92850"}],"version-history":[{"count":1,"href":"https:\/\/zonaroja.com.mx\/index.php?rest_route=\/wp\/v2\/posts\/92850\/revisions"}],"predecessor-version":[{"id":92852,"href":"https:\/\/zonaroja.com.mx\/index.php?rest_route=\/wp\/v2\/posts\/92850\/revisions\/92852"}],"wp:featuredmedia":[{"embeddable":true,"href":"https:\/\/zonaroja.com.mx\/index.php?rest_route=\/wp\/v2\/media\/92851"}],"wp:attachment":[{"href":"https:\/\/zonaroja.com.mx\/index.php?rest_route=%2Fwp%2Fv2%2Fmedia&parent=92850"}],"wp:term":[{"taxonomy":"category","embeddable":true,"href":"https:\/\/zonaroja.com.mx\/index.php?rest_route=%2Fwp%2Fv2%2Fcategories&post=92850"},{"taxonomy":"post_tag","embeddable":true,"href":"https:\/\/zonaroja.com.mx\/index.php?rest_route=%2Fwp%2Fv2%2Ftags&post=92850"}],"curies":[{"name":"wp","href":"https:\/\/api.w.org\/{rel}","templated":true}]}}