{"id":92853,"date":"2026-05-01T06:18:40","date_gmt":"2026-05-01T12:18:40","guid":{"rendered":"https:\/\/zonaroja.com.mx\/?p=92853"},"modified":"2026-05-01T06:18:42","modified_gmt":"2026-05-01T12:18:42","slug":"invierte-gobierno-estatal-20-mdp-para-plan-de-paz-en-el-istmo","status":"publish","type":"post","link":"https:\/\/zonaroja.com.mx\/?p=92853","title":{"rendered":"Invierte gobierno estatal 20 mdp para plan de paz en el Istmo"},"content":{"rendered":"\n<p>Redacci\u00f3n\/Zona Roja.<\/p>\n\n\n\n<p>Oaxaca, Oax., a 1 de mayo de 2026.- El gobernador Salom\u00f3n Jara Cruz realiz\u00f3 ayer la entrega de 11 patrullas y 20 motopatrullas que se integran al \u201cPlan Juchit\u00e1n por la paz, la justicia y el bienestar\u201d, con una inversi\u00f3n de 20 millones de pesos, como parte del fortalecimiento de las acciones de seguridad en el Istmo de Tehuantepec.<\/p>\n\n\n\n<p>Desde esta regi\u00f3n, el mandatario estatal se\u00f1al\u00f3 que Juchit\u00e1n de Zaragoza se convertir\u00e1 en uno de los municipios prioritarios del estado y del pa\u00eds; para la atenci\u00f3n integral de la seguridad, mediante estrategias enfocadas en la prevenci\u00f3n y el fortalecimiento institucional.<\/p>\n\n\n\n<p>Asimismo, inform\u00f3 que estas acciones se desarrollan en el marco del programa \u201cOaxaca Segura\u201d, con el objetivo de continuar atendiendo las causas que generan la violencia en la regi\u00f3n, reforzando la presencia operativa y la capacidad de respuesta de las corporaciones de seguridad.<\/p>\n\n\n\n<p>La entrega de estas unidades tiene como finalidad contribuir al fortalecimiento operativo de la Secretar\u00eda de Seguridad y Protecci\u00f3n Ciudadana (SSPC), permitiendo que las y los elementos policiales realicen sus funciones de manera eficiente y eficaz, en beneficio de la poblaci\u00f3n.<\/p>\n\n\n\n<p>El Gobierno del Estado reiter\u00f3 que la paz se construye con bienestar, oportunidades y justicia social, como ejes fundamentales para el desarrollo de las comunidades.<\/p>\n\n\n\n<figure class=\"wp-block-embed is-type-rich is-provider-twitter wp-block-embed-twitter\"><div class=\"wp-block-embed__wrapper\">\n<div class=\"twitter-tweet\"><blockquote class=\"twitter-tweet\" data-lang=\"es\"><p lang=\"es\" dir=\"ltr\">Este jueves, en el marco del Plan Juchit\u00e1n, para la Paz, la Justicia y el Bienestar, con una inversi\u00f3n de 20 millones de pesos el gobernador <a href=\"https:\/\/twitter.com\/salomonj?ref_src=twsrc%5Etfw\">@salomonj<\/a> realiz\u00f3 la entrega de unidades de motor para desarrollar actividades de seguridad que garanticen tranquilidad y paz para las\u2026 <a href=\"https:\/\/t.co\/62fii3D7Bj\">pic.twitter.com\/62fii3D7Bj<\/a><\/p>&mdash; Zona Roja Oaxaca (@ZonaRoja_Oaxaca) <a href=\"https:\/\/twitter.com\/ZonaRoja_Oaxaca\/status\/2049948187750740305?ref_src=twsrc%5Etfw\">30 de abril de 2026<\/a><\/blockquote><\/div>\n<\/div><\/figure>\n\n\n\n<p>CENTRO LIBRE<\/p>\n\n\n\n<p>En otro acto y en el marco de las acciones para la seguridad, el mandatario estatal inaugur\u00f3 en Juchit\u00e1n el Centro LIBRE -Libertad, Igualdad, Bienestar, Redes y Emancipaci\u00f3n-, espacio comunitario de atenci\u00f3n integral para que las mujeres ejerzan todos y cada uno de sus derechos a trav\u00e9s de servicios p\u00fablicos gratuitos.<\/p>\n\n\n\n<p>Ante representantes de los Poderes del Estado y autoridades municipales, el Jara Cruz destac\u00f3 que en su administraci\u00f3n las mujeres est\u00e1n en el centro de las pol\u00edticas p\u00fablicas; ya que una transformaci\u00f3n verdadera debe colocar en el foco la dignidad, seguridad y los derechos de este sector, se\u00f1al\u00f3.<\/p>\n\n\n\n<p>Sostuvo que la violencia contra las mujeres se combate con prevenci\u00f3n, educaci\u00f3n, cambios culturales y espacios como este, en que se construyen nuevas formas de convivencia basadas en el respeto y la igualdad; esfuerzo congruente con la reparaci\u00f3n hist\u00f3rica que se realiza en todo el estado.<\/p>\n\n\n\n<p>Este Centro LIBRE es un sitio comunitario de atenci\u00f3n integral, impulsado desde el Gobierno de M\u00e9xico y gestionado por el Gobierno del Estado para brindar a las mujeres servicios jur\u00eddicos, psicol\u00f3gicos, de trabajo social y talleres de capacitaci\u00f3n para promover su autonom\u00eda econ\u00f3mica y social.<\/p>\n\n\n\n<p>En 2025, se establecieron 41 centros en el estado y para 2026, se proyecta el funcionamiento de 69, distribuidos en las ocho regiones.<\/p>\n\n\n\n<figure class=\"wp-block-embed is-type-rich is-provider-twitter wp-block-embed-twitter\"><div class=\"wp-block-embed__wrapper\">\n<div class=\"twitter-tweet\"><blockquote class=\"twitter-tweet\" data-lang=\"es\"><p lang=\"es\" dir=\"ltr\">Con apoyo y acompa\u00f1amiento, respaldamos a las mujeres con la inauguraci\u00f3n de un Centro LIBRE en <a href=\"https:\/\/twitter.com\/hashtag\/Juchit%C3%A1n?src=hash&amp;ref_src=twsrc%5Etfw\">#Juchit\u00e1n<\/a> de Zaragoza. \ud83e\udec2<br><br>En coordinaci\u00f3n con el <a href=\"https:\/\/twitter.com\/GobiernoMX?ref_src=twsrc%5Etfw\">@GobiernoMX<\/a> y como parte del <a href=\"https:\/\/twitter.com\/hashtag\/PlanJuchit%C3%A1n?src=hash&amp;ref_src=twsrc%5Etfw\">#PlanJuchit\u00e1n<\/a> para prevenir la violencia, este espacio fortalece su seguridad al brindar atenci\u00f3n\u2026 <a href=\"https:\/\/t.co\/adgoIGjzgv\">pic.twitter.com\/adgoIGjzgv<\/a><\/p>&mdash; Salom\u00f3n Jara Cruz (@salomonj) <a href=\"https:\/\/twitter.com\/salomonj\/status\/2050025018571030608?ref_src=twsrc%5Etfw\">1 de mayo de 2026<\/a><\/blockquote><\/div>\n<\/div><\/figure>\n","protected":false},"excerpt":{"rendered":"<p>Redacci\u00f3n\/Zona Roja. Oaxaca, Oax., a 1 de mayo de 2026.- El gobernador Salom\u00f3n Jara Cruz&hellip;<\/p>\n","protected":false},"author":2,"featured_media":92854,"comment_status":"closed","ping_status":"open","sticky":false,"template":"","format":"standard","meta":{"_lmt_disableupdate":"","_lmt_disable":"","_jetpack_memberships_contains_paid_content":false,"footnotes":""},"categories":[1],"tags":[],"class_list":["post-92853","post","type-post","status-publish","format-standard","has-post-thumbnail","hentry","category-sin-categoria"],"jetpack_featured_media_url":"https:\/\/zonaroja.com.mx\/wp-content\/uploads\/2026\/05\/Seguridad-Juchitan-Jara-Cruz-enrrega-patrullas.jpeg","jetpack_sharing_enabled":true,"_links":{"self":[{"href":"https:\/\/zonaroja.com.mx\/index.php?rest_route=\/wp\/v2\/posts\/92853","targetHints":{"allow":["GET"]}}],"collection":[{"href":"https:\/\/zonaroja.com.mx\/index.php?rest_route=\/wp\/v2\/posts"}],"about":[{"href":"https:\/\/zonaroja.com.mx\/index.php?rest_route=\/wp\/v2\/types\/post"}],"author":[{"embeddable":true,"href":"https:\/\/zonaroja.com.mx\/index.php?rest_route=\/wp\/v2\/users\/2"}],"replies":[{"embeddable":true,"href":"https:\/\/zonaroja.com.mx\/index.php?rest_route=%2Fwp%2Fv2%2Fcomments&post=92853"}],"version-history":[{"count":1,"href":"https:\/\/zonaroja.com.mx\/index.php?rest_route=\/wp\/v2\/posts\/92853\/revisions"}],"predecessor-version":[{"id":92855,"href":"https:\/\/zonaroja.com.mx\/index.php?rest_route=\/wp\/v2\/posts\/92853\/revisions\/92855"}],"wp:featuredmedia":[{"embeddable":true,"href":"https:\/\/zonaroja.com.mx\/index.php?rest_route=\/wp\/v2\/media\/92854"}],"wp:attachment":[{"href":"https:\/\/zonaroja.com.mx\/index.php?rest_route=%2Fwp%2Fv2%2Fmedia&parent=92853"}],"wp:term":[{"taxonomy":"category","embeddable":true,"href":"https:\/\/zonaroja.com.mx\/index.php?rest_route=%2Fwp%2Fv2%2Fcategories&post=92853"},{"taxonomy":"post_tag","embeddable":true,"href":"https:\/\/zonaroja.com.mx\/index.php?rest_route=%2Fwp%2Fv2%2Ftags&post=92853"}],"curies":[{"name":"wp","href":"https:\/\/api.w.org\/{rel}","templated":true}]}}