{"id":92859,"date":"2026-05-01T09:15:00","date_gmt":"2026-05-01T15:15:00","guid":{"rendered":"https:\/\/zonaroja.com.mx\/?p=92859"},"modified":"2026-05-01T06:57:15","modified_gmt":"2026-05-01T12:57:15","slug":"firma-congreso-agenda-de-compromisos-para-atencion-a-ninas-ninos-y-adolescentes","status":"publish","type":"post","link":"https:\/\/zonaroja.com.mx\/?p=92859","title":{"rendered":"Firma Congreso Agenda de Compromisos para atenci\u00f3n a ni\u00f1as, ni\u00f1os y adolescentes"},"content":{"rendered":"\n<p>Redacci\u00f3n\/Zona Roja.<\/p>\n\n\n\n<p>Oaxaca, Oax., a 1 de mayo de 2026.- En el marco del D\u00eda de la Ni\u00f1a y el Ni\u00f1o, el Congreso del Estado y la Junta Local Ejecutiva del Instituto Nacional Electoral (INE) encabezaron la firma de la Agenda de Compromisos para la atenci\u00f3n a ni\u00f1as, ni\u00f1os y adolescentes, derivada de los resultados de la Consulta Infantil y Juvenil (CIJ) 2024; lo anterior en compa\u00f1\u00eda de instituciones federales y estatales.<\/p>\n\n\n\n<p>En el acto inaugural, la presidenta de la Mesa Directiva del Congreso local, diputada Eva Diego Cruz, mencion\u00f3 que desde los tres niveles de gobierno se trabajar\u00e1 en acciones necesarias para cumplir con los compromisos derivados de la CIJ 2024, en temas como el cuidado del medio ambiente, la protecci\u00f3n de los animales y espacios seguros, con la finalidad de que todas y todos tengan un mejor futuro.<\/p>\n\n\n\n<p>La legisladora Jimena Yamil Arroyo Ju\u00e1rez, presidenta de la Comisi\u00f3n Permanente de Ni\u00f1ez, Adolescencia y Juventudes, destac\u00f3 la importancia de la Agenda de Compromisos para convertirlos en resultados reales, en mejores condiciones escolares y en m\u00e1s espacios seguros. Se\u00f1al\u00f3 que en dicha consulta la ni\u00f1ez y adolescencia habl\u00f3 de sus preocupaciones y necesidades, pero tambi\u00e9n de sus ideas para mejorar sus comunidades.<\/p>\n\n\n\n<p>Por su parte, el encargado de despacho de la vocal\u00eda ejecutiva del INE, Miguel \u00c1ngel Pati\u00f1o Arroyo, dijo que en coordinaci\u00f3n con las instituciones se formaliza la agenda de compromisos, y que al INE le corresponder\u00e1 encabezar los esfuerzos para impulsar la atenci\u00f3n de las necesidades identificadas desde el \u00e1mbito de sus atribuciones.<\/p>\n\n\n\n<p>Asimismo, el vocal de Capacitaci\u00f3n Electoral y Educaci\u00f3n C\u00edvica de la Junta Local, Jorge Alonso Alejos Victoria, dio lectura a dicha agenda, con la cual, en coordinaci\u00f3n institucional, se realizar\u00e1n acciones sustantivas como actividades l\u00fadicas en comunidades ind\u00edgenas; talleres dirigidos a las juventudes como parte del Programa de Agentes de Paz; prevenci\u00f3n de adicciones y desarrollo socioemocional; pl\u00e1ticas para madres, padres y personas cuidadoras en situaciones de riesgo para fortalecer el entorno seguro; as\u00ed como ferias comunitarias, actividades art\u00edsticas, tutor\u00edas, entre otras.<\/p>\n\n\n\n<p>En el evento se cont\u00f3 con la participaci\u00f3n y firma de compromisos de las siguientes instituciones: Secretar\u00eda de Educaci\u00f3n P\u00fablica (SEP); Instituto Estatal Electoral y de Participaci\u00f3n Ciudadana de Oaxaca (IEEPCO); Secretar\u00eda Ejecutiva del Sistema Local de Protecci\u00f3n Integral de los Derechos de Ni\u00f1as, Ni\u00f1os y Adolescentes del Estado (SESIPINNA); Secretar\u00eda de Seguridad y Protecci\u00f3n Ciudadana (SSPC); Consejo Nacional de Fomento Educativo (Conafe) y el Colegio de Estudios Cient\u00edficos y Tecnol\u00f3gicos del Estado de Oaxaca (Cecyteo).<\/p>\n\n\n\n<p>Como invitados distinguidos estuvieron presentes alumnas, alumnos, docentes, as\u00ed como madres y padres de familia de la Escuela Primaria \u201cHermanos Flores Mag\u00f3n\u201d, de la colonia El Manantial de Pueblo Nuevo.<\/p>\n","protected":false},"excerpt":{"rendered":"<p>Redacci\u00f3n\/Zona Roja. Oaxaca, Oax., a 1 de mayo de 2026.- En el marco del D\u00eda&hellip;<\/p>\n","protected":false},"author":2,"featured_media":92860,"comment_status":"closed","ping_status":"open","sticky":false,"template":"","format":"standard","meta":{"_lmt_disableupdate":"","_lmt_disable":"","_jetpack_memberships_contains_paid_content":false,"footnotes":""},"categories":[109,46],"tags":[303],"class_list":["post-92859","post","type-post","status-publish","format-standard","has-post-thumbnail","hentry","category-minuto-a-minuto","category-zona-blanca","tag-congreso-del-estado-de-oaxaca"],"jetpack_featured_media_url":"https:\/\/zonaroja.com.mx\/wp-content\/uploads\/2026\/05\/Convenio-Congreso-INE.jpeg","jetpack_sharing_enabled":true,"_links":{"self":[{"href":"https:\/\/zonaroja.com.mx\/index.php?rest_route=\/wp\/v2\/posts\/92859","targetHints":{"allow":["GET"]}}],"collection":[{"href":"https:\/\/zonaroja.com.mx\/index.php?rest_route=\/wp\/v2\/posts"}],"about":[{"href":"https:\/\/zonaroja.com.mx\/index.php?rest_route=\/wp\/v2\/types\/post"}],"author":[{"embeddable":true,"href":"https:\/\/zonaroja.com.mx\/index.php?rest_route=\/wp\/v2\/users\/2"}],"replies":[{"embeddable":true,"href":"https:\/\/zonaroja.com.mx\/index.php?rest_route=%2Fwp%2Fv2%2Fcomments&post=92859"}],"version-history":[{"count":1,"href":"https:\/\/zonaroja.com.mx\/index.php?rest_route=\/wp\/v2\/posts\/92859\/revisions"}],"predecessor-version":[{"id":92861,"href":"https:\/\/zonaroja.com.mx\/index.php?rest_route=\/wp\/v2\/posts\/92859\/revisions\/92861"}],"wp:featuredmedia":[{"embeddable":true,"href":"https:\/\/zonaroja.com.mx\/index.php?rest_route=\/wp\/v2\/media\/92860"}],"wp:attachment":[{"href":"https:\/\/zonaroja.com.mx\/index.php?rest_route=%2Fwp%2Fv2%2Fmedia&parent=92859"}],"wp:term":[{"taxonomy":"category","embeddable":true,"href":"https:\/\/zonaroja.com.mx\/index.php?rest_route=%2Fwp%2Fv2%2Fcategories&post=92859"},{"taxonomy":"post_tag","embeddable":true,"href":"https:\/\/zonaroja.com.mx\/index.php?rest_route=%2Fwp%2Fv2%2Ftags&post=92859"}],"curies":[{"name":"wp","href":"https:\/\/api.w.org\/{rel}","templated":true}]}}