{"id":92862,"date":"2026-05-01T10:15:00","date_gmt":"2026-05-01T16:15:00","guid":{"rendered":"https:\/\/zonaroja.com.mx\/?p=92862"},"modified":"2026-05-01T07:05:40","modified_gmt":"2026-05-01T13:05:40","slug":"se-niega-a-pagar-pension-de-su-hijo-y-a-acudir-a-audiencia-lo-detienen","status":"publish","type":"post","link":"https:\/\/zonaroja.com.mx\/?p=92862","title":{"rendered":"Se niega a pagar pensi\u00f3n de su hijo y a acudir a audiencia; lo detienen"},"content":{"rendered":"\n<p>Redacci\u00f3n\/Zona Roja.&nbsp;<\/p>\n\n\n\n<p>Oaxaca, Oax., 1 de mayo de 2026.- La Fiscal\u00eda General del Estado de Oaxaca (FGEO) ejecut\u00f3 una orden de aprehensi\u00f3n que permiti\u00f3 la detenci\u00f3n de un hombre identificado como J.R.C.T.,&nbsp;imputado por su probable responsabilidad en el delito de incumplimiento de obligaciones alimentarias, en agravio patrimonial de una ni\u00f1a.<\/p>\n\n\n\n<p>De acuerdo con la causa penal, el hoy detenido fue vinculado a proceso el 23 de abril de 2025, derivado de las investigaciones por el incumplimiento de sus responsabilidades legales.<\/p>\n\n\n\n<p>Como parte del proceso judicial, el imputado fue debidamente notificado el 2 de febrero de 2026 para comparecer a la audiencia de debate programada para el 8 de abril del mismo a\u00f1o, ante el Tribunal de Enjuiciamiento Unitario; sin embargo, no acudi\u00f3 a dicha diligencia judicial, incumpliendo el mandato de la autoridad.<\/p>\n\n\n\n<p>Por estos hechos, el \u00f3rgano jurisdiccional correspondiente libr\u00f3 la orden de aprehensi\u00f3n por lo que la Vicefiscal\u00eda Regional de Valles Centrales a trav\u00e9s de elementos de la Agencia Estatal de Investigaciones (AEI) lograron la detenci\u00f3n del imputado en inmediaciones de la carretera a Minas, en el municipio de Ocotl\u00e1n de Morelos.<\/p>\n\n\n\n<p>El detenido fue puesto a disposici\u00f3n de la autoridad competente, quien determinar\u00e1 su situaci\u00f3n jur\u00eddica conforme a derecho.<\/p>\n\n\n\n<p>La Fiscal\u00eda General del Estado de Oaxaca reitera su compromiso de garantizar el inter\u00e9s superior de la ni\u00f1ez, as\u00ed como de hacer cumplir las obligaciones legales en materia alimentaria, para salvaguardar los derechos de ni\u00f1as, ni\u00f1os y adolescentes.<\/p>\n","protected":false},"excerpt":{"rendered":"<p>Redacci\u00f3n\/Zona Roja.&nbsp; Oaxaca, Oax., 1 de mayo de 2026.- La Fiscal\u00eda General del Estado de&hellip;<\/p>\n","protected":false},"author":2,"featured_media":92863,"comment_status":"closed","ping_status":"open","sticky":false,"template":"","format":"standard","meta":{"_lmt_disableupdate":"","_lmt_disable":"","_jetpack_memberships_contains_paid_content":false,"footnotes":""},"categories":[109,46],"tags":[494],"class_list":["post-92862","post","type-post","status-publish","format-standard","has-post-thumbnail","hentry","category-minuto-a-minuto","category-zona-blanca","tag-fiscalia-general-del-estado-de-oaxaca"],"jetpack_featured_media_url":"https:\/\/zonaroja.com.mx\/wp-content\/uploads\/2026\/05\/Detenido-por-incumplimiento-pension-Fiscalia-Ocotlan.jpg","jetpack_sharing_enabled":true,"_links":{"self":[{"href":"https:\/\/zonaroja.com.mx\/index.php?rest_route=\/wp\/v2\/posts\/92862","targetHints":{"allow":["GET"]}}],"collection":[{"href":"https:\/\/zonaroja.com.mx\/index.php?rest_route=\/wp\/v2\/posts"}],"about":[{"href":"https:\/\/zonaroja.com.mx\/index.php?rest_route=\/wp\/v2\/types\/post"}],"author":[{"embeddable":true,"href":"https:\/\/zonaroja.com.mx\/index.php?rest_route=\/wp\/v2\/users\/2"}],"replies":[{"embeddable":true,"href":"https:\/\/zonaroja.com.mx\/index.php?rest_route=%2Fwp%2Fv2%2Fcomments&post=92862"}],"version-history":[{"count":1,"href":"https:\/\/zonaroja.com.mx\/index.php?rest_route=\/wp\/v2\/posts\/92862\/revisions"}],"predecessor-version":[{"id":92864,"href":"https:\/\/zonaroja.com.mx\/index.php?rest_route=\/wp\/v2\/posts\/92862\/revisions\/92864"}],"wp:featuredmedia":[{"embeddable":true,"href":"https:\/\/zonaroja.com.mx\/index.php?rest_route=\/wp\/v2\/media\/92863"}],"wp:attachment":[{"href":"https:\/\/zonaroja.com.mx\/index.php?rest_route=%2Fwp%2Fv2%2Fmedia&parent=92862"}],"wp:term":[{"taxonomy":"category","embeddable":true,"href":"https:\/\/zonaroja.com.mx\/index.php?rest_route=%2Fwp%2Fv2%2Fcategories&post=92862"},{"taxonomy":"post_tag","embeddable":true,"href":"https:\/\/zonaroja.com.mx\/index.php?rest_route=%2Fwp%2Fv2%2Ftags&post=92862"}],"curies":[{"name":"wp","href":"https:\/\/api.w.org\/{rel}","templated":true}]}}