{"id":92865,"date":"2026-05-01T11:15:00","date_gmt":"2026-05-01T17:15:00","guid":{"rendered":"https:\/\/zonaroja.com.mx\/?p=92865"},"modified":"2026-05-01T12:48:52","modified_gmt":"2026-05-01T18:48:52","slug":"que-gobiernos-han-sido-acusados-de-nexos-con-el-crimen-organizado","status":"publish","type":"post","link":"https:\/\/zonaroja.com.mx\/?p=92865","title":{"rendered":"\u00bfQu\u00e9 gobiernos han sido acusados de nexos con el crimen organizado?"},"content":{"rendered":"\n<p>Redacci\u00f3n\/Zona Roja Cdmx.<\/p>\n\n\n\n<p>(Informaci\u00f3n de \u201cEl Financiero\u201d)<\/p>\n\n\n\n<p>Ciudad de M\u00e9xico, a 1 de mayo de 2026.- El gobierno encabezado por Rub\u00e9n Rocha Moya no es el \u00fanico se\u00f1alado por estar vinculado con el narcotr\u00e1fico. Otros mandatarios estatales y locales tambi\u00e9n fueron acusados de tener nexos con el crimen organizado.<\/p>\n\n\n\n<p>Uno de los casos m\u00e1s pol\u00e9micos fue el de Hern\u00e1n Berm\u00fadez Requena, secretario de Seguridad en Tabasco, durante la administraci\u00f3n de Ad\u00e1n Augusto L\u00f3pez como gobernador de la entidad.<\/p>\n\n\n\n<p>Berm\u00fadez fue se\u00f1alado de tener v\u00ednculos con el grupo criminal La Barredora, relacionado como una facci\u00f3n del C\u00e1rtel Jalisco Nueva Generaci\u00f3n (CJNG).<\/p>\n\n\n\n<p>El exsecretario de Seguridad de Tabasco fue detenido en septiembre en Paraguay y m\u00e1s tarde extraditado a M\u00e9xico.<\/p>\n\n\n\n<p>Seg\u00fan la Fiscal\u00eda General del Estado, enfrentar\u00eda una condena de entre 40 y 60 a\u00f1os de prisi\u00f3n por el delito de desaparici\u00f3n forzada de personas.<\/p>\n\n\n\n<p>La figura de Hern\u00e1n Berm\u00fadez Requena, conocido en algunos c\u00edrculos como \u2018El Comandante H\u2019, es clave para entender la situaci\u00f3n de inseguridad que atraves\u00f3 Tabasco debido a una ola de violencia que se registr\u00f3 en la entidad.<\/p>\n\n\n\n<p>EN JALISCO<\/p>\n\n\n\n<p>En febrero, fue detenido Diego \u2018N\u2019, alcalde de Tequila, Jalisco, se\u00f1alado por presuntamente encabezar una red de corrupci\u00f3n para extorsionar a empresas cerveceras y tequileras.<\/p>\n\n\n\n<p>Como parte del Operativo Enjambre, adem\u00e1s del alcalde, fueron detenidos Juan Manuel P\u00e9rez Sosa, director de Seguridad P\u00fablica; Juan Gabriel Toribio Villarreal, director de Catastro y Predial; e Isaac Carbajal Villase\u00f1or, director de Obras P\u00fablicas del municipio.<\/p>\n\n\n\n<p>Dichos funcionarios est\u00e1n se\u00f1alados de haber participado en la estructura criminal liderada por el alcalde.<\/p>\n\n\n\n<p>Sin embargo, Diego \u2018N\u2019, exalcalde de Tequila, hab\u00eda negado las acusaciones de extorsi\u00f3n a tequileros y argument\u00f3 que no exist\u00edan denuncias penales en su contra.<\/p>\n\n\n\n<p>CASO SINALOA<\/p>\n\n\n\n<p>La decisi\u00f3n del fiscal federal para el Distrito Sur de Nueva York, Jay Clayton, de abrir una investigaci\u00f3n por conspirar funcionarios de Sinaloa con l\u00edderes del Cartel de Sinaloa para importar presuntamente cantidades de hero\u00edna, coca\u00edna o fentanilo a Estados Unidos a cambio de apoyo pol\u00edtico, supone el mayor golpe reciente de Washington contra pol\u00edticos de M\u00e9xico.<\/p>\n\n\n\n<p>La acusaci\u00f3n vincula formalmente a Rocha Moya y otros nueve funcionarios de alto nivel en Sinaloa por delitos de narcotr\u00e1fico y armas, en un caso que los enlaza directamente con el Cartel de Sinaloa y, en particular, con la facci\u00f3n de \u201cLos Chapitos\u201d.<\/p>\n\n\n\n<p>Seg\u00fan la acusaci\u00f3n, los implicados habr\u00edan protegido operaciones del cartel, facilitando informaci\u00f3n sensible y permitido el transporte de drogas hacia Estados Unidos, a cambio de sobornos millonarios.<\/p>\n\n\n\n<p>Tras dar a conocer la informaci\u00f3n, la embajada de Estados Unidos en M\u00e9xico respald\u00f3 la acusaci\u00f3n presentada en Nueva York en contra de Rocha Moya y otros nueve funcionarios implicados en una \u201cpresunta conspiraci\u00f3n\u201d con l\u00edderes del Cartel de Sinaloa para importar grandes cantidades de narc\u00f3ticos a EU a cambio de apoyo pol\u00edtico y sobornos.<\/p>\n\n\n\n<p>Rocha Moya rechaz\u00f3 \u201ccateg\u00f3rica y absolutamente\u201d las imputaciones, al se\u00f1alar que carecen \u201cde veracidad y fundamento\u201d, y acus\u00f3 que se trata de un \u201cataque\u201d a su persona y al movimiento pol\u00edtico que encabeza la presidenta Claudia Sheinbaum.<\/p>\n\n\n\n<p>(Con informaci\u00f3n de EFE y Quadrat\u00edn)<\/p>\n","protected":false},"excerpt":{"rendered":"<p>Redacci\u00f3n\/Zona Roja Cdmx. (Informaci\u00f3n de \u201cEl Financiero\u201d) Ciudad de M\u00e9xico, a 1 de mayo de&hellip;<\/p>\n","protected":false},"author":2,"featured_media":92872,"comment_status":"closed","ping_status":"open","sticky":false,"template":"","format":"standard","meta":{"_lmt_disableupdate":"","_lmt_disable":"","_jetpack_memberships_contains_paid_content":false,"footnotes":""},"categories":[109,47],"tags":[4023],"class_list":["post-92865","post","type-post","status-publish","format-standard","has-post-thumbnail","hentry","category-minuto-a-minuto","category-zona-gris","tag-ruben-rocha-moya"],"jetpack_featured_media_url":"https:\/\/zonaroja.com.mx\/wp-content\/uploads\/2026\/05\/img_5772.jpg","jetpack_sharing_enabled":true,"_links":{"self":[{"href":"https:\/\/zonaroja.com.mx\/index.php?rest_route=\/wp\/v2\/posts\/92865","targetHints":{"allow":["GET"]}}],"collection":[{"href":"https:\/\/zonaroja.com.mx\/index.php?rest_route=\/wp\/v2\/posts"}],"about":[{"href":"https:\/\/zonaroja.com.mx\/index.php?rest_route=\/wp\/v2\/types\/post"}],"author":[{"embeddable":true,"href":"https:\/\/zonaroja.com.mx\/index.php?rest_route=\/wp\/v2\/users\/2"}],"replies":[{"embeddable":true,"href":"https:\/\/zonaroja.com.mx\/index.php?rest_route=%2Fwp%2Fv2%2Fcomments&post=92865"}],"version-history":[{"count":1,"href":"https:\/\/zonaroja.com.mx\/index.php?rest_route=\/wp\/v2\/posts\/92865\/revisions"}],"predecessor-version":[{"id":92866,"href":"https:\/\/zonaroja.com.mx\/index.php?rest_route=\/wp\/v2\/posts\/92865\/revisions\/92866"}],"wp:featuredmedia":[{"embeddable":true,"href":"https:\/\/zonaroja.com.mx\/index.php?rest_route=\/wp\/v2\/media\/92872"}],"wp:attachment":[{"href":"https:\/\/zonaroja.com.mx\/index.php?rest_route=%2Fwp%2Fv2%2Fmedia&parent=92865"}],"wp:term":[{"taxonomy":"category","embeddable":true,"href":"https:\/\/zonaroja.com.mx\/index.php?rest_route=%2Fwp%2Fv2%2Fcategories&post=92865"},{"taxonomy":"post_tag","embeddable":true,"href":"https:\/\/zonaroja.com.mx\/index.php?rest_route=%2Fwp%2Fv2%2Ftags&post=92865"}],"curies":[{"name":"wp","href":"https:\/\/api.w.org\/{rel}","templated":true}]}}