{"id":92867,"date":"2026-05-01T12:15:00","date_gmt":"2026-05-01T18:15:00","guid":{"rendered":"https:\/\/zonaroja.com.mx\/?p=92867"},"modified":"2026-05-01T07:17:37","modified_gmt":"2026-05-01T13:17:37","slug":"salina-cruz-coordina-esfuerzos-con-gobierno-y-refuerza-estrategia-de-seguridad","status":"publish","type":"post","link":"https:\/\/zonaroja.com.mx\/?p=92867","title":{"rendered":"Salina Cruz coordina esfuerzos con gobierno y refuerza estrategia de seguridad"},"content":{"rendered":"\n<p>Raymundo Morales\/Zona Roja.<\/p>\n\n\n\n<p>Oaxaca, Oaxaca., a 1 de mayo de 2026.- Este jueves, el presidente municipal de Salina Cruz, Daniel M\u00e9ndez Sosa, particip\u00f3 en la Mesa de Seguridad realizada en esa ciudad y puerto, donde se reafirm\u00f3 el compromiso de las autoridades de los tres \u00f3rdenes de gobierno para fortalecer la paz y la tranquilidad en la regi\u00f3n del Istmo de Tehuantepec.<\/p>\n\n\n\n<p>Durante la sesi\u00f3n, se destac\u00f3 que la Polic\u00eda Municipal cuenta con el mayor n\u00famero de elementos certificados en la regi\u00f3n del Istmo, resultado de una pol\u00edtica constante de profesionalizaci\u00f3n y fortalecimiento institucional. Certificaciones realizadas en el estado de Oaxaca y Puebla.<\/p>\n\n\n\n<p>De igual forma, se resalt\u00f3 el fortalecimiento del equipamiento policial mediante la incorporaci\u00f3n de nuevas patrullas y motopatrullas, con recursos propios, lo que permite mejorar la capacidad de respuesta y ampliar la cobertura operativa en el municipio.<\/p>\n\n\n\n<p>Estos esfuerzos han contribuido a la disminuci\u00f3n de los \u00edndices delictivos durante el primer semestre del a\u00f1o, posicionando a Salina Cruz como un referente regional en materia de seguridad, indic\u00f3.<\/p>\n\n\n\n<p>En esta reuni\u00f3n, adem\u00e1s de la presencia del gobernador del estado de Oaxaca, Salom\u00f3n Jara Cruz, se cont\u00f3 con la presencia de autoridades de los tres niveles de gobierno, entre ellos de la Fiscal\u00eda General del Estado y del Poder Judicial de la entidad, fortaleciendo la coordinaci\u00f3n institucional en materia de seguridad.<\/p>\n","protected":false},"excerpt":{"rendered":"<p>Raymundo Morales\/Zona Roja. Oaxaca, Oaxaca., a 1 de mayo de 2026.- Este jueves, el presidente&hellip;<\/p>\n","protected":false},"author":2,"featured_media":92868,"comment_status":"closed","ping_status":"open","sticky":false,"template":"","format":"standard","meta":{"_lmt_disableupdate":"","_lmt_disable":"","_jetpack_memberships_contains_paid_content":false,"footnotes":""},"categories":[109,46],"tags":[],"class_list":["post-92867","post","type-post","status-publish","format-standard","has-post-thumbnail","hentry","category-minuto-a-minuto","category-zona-blanca"],"jetpack_featured_media_url":"https:\/\/zonaroja.com.mx\/wp-content\/uploads\/2026\/05\/Salina-Cruz-seguridad.jpg","jetpack_sharing_enabled":true,"_links":{"self":[{"href":"https:\/\/zonaroja.com.mx\/index.php?rest_route=\/wp\/v2\/posts\/92867","targetHints":{"allow":["GET"]}}],"collection":[{"href":"https:\/\/zonaroja.com.mx\/index.php?rest_route=\/wp\/v2\/posts"}],"about":[{"href":"https:\/\/zonaroja.com.mx\/index.php?rest_route=\/wp\/v2\/types\/post"}],"author":[{"embeddable":true,"href":"https:\/\/zonaroja.com.mx\/index.php?rest_route=\/wp\/v2\/users\/2"}],"replies":[{"embeddable":true,"href":"https:\/\/zonaroja.com.mx\/index.php?rest_route=%2Fwp%2Fv2%2Fcomments&post=92867"}],"version-history":[{"count":1,"href":"https:\/\/zonaroja.com.mx\/index.php?rest_route=\/wp\/v2\/posts\/92867\/revisions"}],"predecessor-version":[{"id":92869,"href":"https:\/\/zonaroja.com.mx\/index.php?rest_route=\/wp\/v2\/posts\/92867\/revisions\/92869"}],"wp:featuredmedia":[{"embeddable":true,"href":"https:\/\/zonaroja.com.mx\/index.php?rest_route=\/wp\/v2\/media\/92868"}],"wp:attachment":[{"href":"https:\/\/zonaroja.com.mx\/index.php?rest_route=%2Fwp%2Fv2%2Fmedia&parent=92867"}],"wp:term":[{"taxonomy":"category","embeddable":true,"href":"https:\/\/zonaroja.com.mx\/index.php?rest_route=%2Fwp%2Fv2%2Fcategories&post=92867"},{"taxonomy":"post_tag","embeddable":true,"href":"https:\/\/zonaroja.com.mx\/index.php?rest_route=%2Fwp%2Fv2%2Ftags&post=92867"}],"curies":[{"name":"wp","href":"https:\/\/api.w.org\/{rel}","templated":true}]}}