{"id":92874,"date":"2026-05-01T15:35:29","date_gmt":"2026-05-01T21:35:29","guid":{"rendered":"https:\/\/zonaroja.com.mx\/?p=92874"},"modified":"2026-05-01T15:35:29","modified_gmt":"2026-05-01T21:35:29","slug":"marcha-de-burocratas-termina-en-golpes-y-quema-de-propaganda-y-uniformes","status":"publish","type":"post","link":"https:\/\/zonaroja.com.mx\/?p=92874","title":{"rendered":"Marcha de bur\u00f3cratas termina en golpes y quema de propaganda y uniformes&nbsp;"},"content":{"rendered":"\n<p>Lisbeth Mej\u00eda Reyes\/Zona Roja.&nbsp;<\/p>\n\n\n\n<p>Oaxaca, Oax.. a 1 de mayo de 2026.- Empleados sindicalizados al servicio del estado marcharon este viernes en la ciudad de Oaxaca, en conmemoraci\u00f3n del D\u00eda del Trabajo.&nbsp;<\/p>\n\n\n\n<p>Sin embargo, su movilizaci\u00f3n termin\u00f3 en golpes entre los afectados del decreto 24 y sus compa\u00f1eros del Sindicato de Trabajadores de los Poderes del Estado e Instituciones Descentralizadas de Car\u00e1cter Estatal de Oaxaca (STPEIDCEO).<\/p>\n\n\n\n<p>Las y los afectados por el decreto, adheridos al STPEIDCEO, marcharon hacia el z\u00f3calo de la ciudad de Oaxaca, con consignas en contra de la representaci\u00f3n sindical y del gobierno estatal.&nbsp;<\/p>\n\n\n\n<p>Una de sus quejas es lo que consideran una doble tributaci\u00f3n tras las nuevas negociaciones con el gobierno.&nbsp;<\/p>\n\n\n\n<p>Adem\u00e1s de que reprochan a su sindicato por abandonarlos cuando en el 2024 el congreso y el gobierno eliminaron 1344 plazas que despu\u00e9s fueron devueltas.<\/p>\n\n\n\n<p>Al llegar al z\u00f3calo de la ciudad, los del decreto 24 quemaron gorras, lonas, un ata\u00fad de cart\u00f3n y dem\u00e1s propaganda en rechazo al comit\u00e9 ejecutivo del sindicato.<\/p>\n\n\n\n<p>La marcha de las y los bur\u00f3cratas tambi\u00e9n dej\u00f3 su huella en el Palacio de Gobierno, que qued\u00f3 tapizado con carteles.<\/p>\n\n\n\n<p>M\u00daLTIPLES MARCHAS<\/p>\n\n\n\n<p>Como la movilizaci\u00f3n de los bur\u00f3cratas, en la capital tambi\u00e9n se manifestaron diversos sindicatos, incluida la Secci\u00f3n 22 del Sindicato Nacional de Trabajadores de la Educaci\u00f3n (SNTE), que al final de su marcha entreg\u00f3 su pliego petitorio al gobierno estatal.&nbsp;<\/p>\n\n\n\n<p>Adem\u00e1s de que reiter\u00f3 que como parte de la Coordinadora Nacional de Trabajadores de la Educaci\u00f3n (CNTE) se ir\u00e1 al par\u00f3 nacional para exigir la abrogaci\u00f3n de la Ley del ISSSTE, de la Reforma Educativa y otras demandas.&nbsp;<\/p>\n\n\n\n<p>La fecha del paro, dijo, se definir\u00e1 en la asamblea nacional del 16 de mayo, aunque advirti\u00f3 que si no hay soluci\u00f3n, \u00abno rodar\u00e1 el bal\u00f3n\u00bb, en referencia al boicot del Mundial de Futbol.<\/p>\n\n\n\n<p>En el marco de las movilizaciones, comerciantes en v\u00eda p\u00fablica tambi\u00e9n se instalaron en el z\u00f3calo y en la Alameda de Le\u00f3n.<\/p>\n\n\n\n<p>Con la exigencia de respeto a sus derechos laborales y la atenci\u00f3n a diversas demandas pendientes por parte del gobierno estatal y del federal, varios sindicatos conmemoraron este d\u00eda. Entre estos, el Sindicato de Empleados del Poder Judicial de Oaxaca e Instituciones Convexas.<\/p>\n\n\n\n<p>Agrupados en sindicatos democr\u00e1ticos, &nbsp;cientos de trabajadores marcharon de la fuente de las Ocho Regiones hacia el z\u00f3calo capitalino.&nbsp;<\/p>\n\n\n\n<p>Entre estos, los del Sindicato de Telefonistas de la Rep\u00fablica Mexicana y el Sindicato Independiente de Trabajadores y Profesionales de la Salud (SITYPS). Asimismo, se manifestaron los de Fuerza Independiente de Trabajadores de la Salud (Fintras).<\/p>\n\n\n\n<p>Como la Secci\u00f3n 22, la Secci\u00f3n 35 del Sindicato Nacional de Trabajadores de la Salud (SNTSA) tambi\u00e9n entreg\u00f3 su pliego de denuncia al gobierno estatal en Palacio de Gobierno.&nbsp;<\/p>\n\n\n\n<p>Omar L\u00f3pez S\u00e1nchez, secretario general, ha se\u00f1alado que hay varios pendientes del gobierno federal en materia de salud que afectan a la poblaci\u00f3n y a las y los trabajadores de la salud, principalmente a ra\u00edz de la transici\u00f3n al sistema IMSS-Bienestar.<\/p>\n","protected":false},"excerpt":{"rendered":"<p>Lisbeth Mej\u00eda Reyes\/Zona Roja.&nbsp; Oaxaca, Oax.. a 1 de mayo de 2026.- Empleados sindicalizados al&hellip;<\/p>\n","protected":false},"author":2,"featured_media":92873,"comment_status":"closed","ping_status":"open","sticky":false,"template":"","format":"standard","meta":{"_lmt_disableupdate":"","_lmt_disable":"","_jetpack_memberships_contains_paid_content":false,"footnotes":""},"categories":[109,47],"tags":[],"class_list":["post-92874","post","type-post","status-publish","format-standard","has-post-thumbnail","hentry","category-minuto-a-minuto","category-zona-gris"],"jetpack_featured_media_url":"https:\/\/zonaroja.com.mx\/wp-content\/uploads\/2026\/05\/collage_export_c7e1646a-cb63-4342-ae91-4170643ea054.jpg","jetpack_sharing_enabled":true,"_links":{"self":[{"href":"https:\/\/zonaroja.com.mx\/index.php?rest_route=\/wp\/v2\/posts\/92874","targetHints":{"allow":["GET"]}}],"collection":[{"href":"https:\/\/zonaroja.com.mx\/index.php?rest_route=\/wp\/v2\/posts"}],"about":[{"href":"https:\/\/zonaroja.com.mx\/index.php?rest_route=\/wp\/v2\/types\/post"}],"author":[{"embeddable":true,"href":"https:\/\/zonaroja.com.mx\/index.php?rest_route=\/wp\/v2\/users\/2"}],"replies":[{"embeddable":true,"href":"https:\/\/zonaroja.com.mx\/index.php?rest_route=%2Fwp%2Fv2%2Fcomments&post=92874"}],"version-history":[{"count":1,"href":"https:\/\/zonaroja.com.mx\/index.php?rest_route=\/wp\/v2\/posts\/92874\/revisions"}],"predecessor-version":[{"id":92875,"href":"https:\/\/zonaroja.com.mx\/index.php?rest_route=\/wp\/v2\/posts\/92874\/revisions\/92875"}],"wp:featuredmedia":[{"embeddable":true,"href":"https:\/\/zonaroja.com.mx\/index.php?rest_route=\/wp\/v2\/media\/92873"}],"wp:attachment":[{"href":"https:\/\/zonaroja.com.mx\/index.php?rest_route=%2Fwp%2Fv2%2Fmedia&parent=92874"}],"wp:term":[{"taxonomy":"category","embeddable":true,"href":"https:\/\/zonaroja.com.mx\/index.php?rest_route=%2Fwp%2Fv2%2Fcategories&post=92874"},{"taxonomy":"post_tag","embeddable":true,"href":"https:\/\/zonaroja.com.mx\/index.php?rest_route=%2Fwp%2Fv2%2Ftags&post=92874"}],"curies":[{"name":"wp","href":"https:\/\/api.w.org\/{rel}","templated":true}]}}