{"id":92879,"date":"2026-05-01T18:20:57","date_gmt":"2026-05-02T00:20:57","guid":{"rendered":"https:\/\/zonaroja.com.mx\/?p=92879"},"modified":"2026-05-01T18:21:02","modified_gmt":"2026-05-02T00:21:02","slug":"por-danos-a-la-salud-debe-atenderse-la-sobrexposicion-a-pantallas-alerta-la-oms","status":"publish","type":"post","link":"https:\/\/zonaroja.com.mx\/?p=92879","title":{"rendered":"Por da\u00f1os a la salud, debe atenderse la sobrexposici\u00f3n a pantallas, alerta la OMS"},"content":{"rendered":"\n<p>Redacci\u00f3n\/Zona Roja Cdmx.<\/p>\n\n\n\n<p>(Informaci\u00f3n de \u201cLa Jornada\u201d)<\/p>\n\n\n\n<p>Ciudad de M\u00e9xico, a 1 de mayo de 2026.- Para frenar los da\u00f1os a la salud f\u00edsica, emocional y mental, que ya afectan a la infancia y que a largo plazo tambi\u00e9n contribuir\u00e1n a la carga de las enfermedades no transmisibles, se debe atender la sobrexposici\u00f3n a pantallas, advirti\u00f3 Jos\u00e9 Moya, representante de la Organizaci\u00f3n Panamericana de la Salud (OPS) en M\u00e9xico.<\/p>\n\n\n\n<p>El ejecutivo particip\u00f3 en la inauguraci\u00f3n de la octava Cumbre de Salud: Prioridades de prevenci\u00f3n y atenci\u00f3n, donde resalt\u00f3 que una preocupaci\u00f3n de la Organizaci\u00f3n Mundial de la Salud (OMS) son las muertes prematuras, es decir, las que ocurren antes de los 70 a\u00f1os de edad y son causadas por males cr\u00f3nicos, entre otros, diabetes, hipertensi\u00f3n arterial, c\u00e1ncer y afecciones cardiacas.<\/p>\n\n\n\n<p>\u00c9stos y otros padecimientos, mencion\u00f3, tambi\u00e9n est\u00e1n entre las principales causas de a\u00f1os de vida saludable perdidos, que son los que transcurren con alguna discapacidad.<\/p>\n\n\n\n<p>En tanto, Carlos Hinojosa, titular de la Comisi\u00f3n Coordinadora de los Institutos Nacionales de Salud y Hospitales de Alta Especialidad, afirm\u00f3 que para el gobierno federal la carga de enfermedad y muerte por padecimientos no transmisibles es un llamado a la acci\u00f3n y a la colaboraci\u00f3n entre los actores, a fin de mejorar la prevenci\u00f3n, fortalecer la atenci\u00f3n primaria y anticipar los riesgos.<\/p>\n\n\n\n<p>En representaci\u00f3n del secretario David Kershenobich, Hinojosa acudi\u00f3 al foro, organizado por Cumbres Hub, y coment\u00f3 las l\u00edneas de trabajo definidas en la actual administraci\u00f3n, entre otras, los protocolos nacionales de atenci\u00f3n m\u00e9dica, lograr diagn\u00f3sticos oportunos e innovaci\u00f3n con uso responsable de las nuevas tecnolog\u00edas, incluida la inteligencia artificial.<\/p>\n\n\n\n<p>A su vez, ante representantes de la industria farmac\u00e9utica, el representante de la OPS se\u00f1al\u00f3 algunos de los retos de M\u00e9xico, como la baja prevalencia de la lactancia materna, pues en sus primeros seis meses de vida s\u00f3lo 30 por ciento de los reci\u00e9n nacidos reciben esta alimentaci\u00f3n de manera exclusiva.<\/p>\n\n\n\n<p>Esta cifra debe subir, sostuvo, porque se previenen enfermedades como obesidad, la cual se asocia con otras cr\u00f3nicas que ya est\u00e1n entre las principales causas de muerte en M\u00e9xico.<\/p>\n\n\n\n<p>Coment\u00f3 que en mayo se llevar\u00e1 a cabo la Asamblea Mundial de la Salud, entre cuyos temas prioritarios estar\u00e1n las acciones en la salud p\u00fablica global necesarias para hacer frente a \u00e9stos y otros desaf\u00edos a escala global; una de ellas es la atenci\u00f3n primaria.<\/p>\n","protected":false},"excerpt":{"rendered":"<p>Redacci\u00f3n\/Zona Roja Cdmx. (Informaci\u00f3n de \u201cLa Jornada\u201d) Ciudad de M\u00e9xico, a 1 de mayo de&hellip;<\/p>\n","protected":false},"author":2,"featured_media":80206,"comment_status":"closed","ping_status":"open","sticky":false,"template":"","format":"standard","meta":{"_lmt_disableupdate":"","_lmt_disable":"","_jetpack_memberships_contains_paid_content":false,"footnotes":""},"categories":[109,47],"tags":[],"class_list":["post-92879","post","type-post","status-publish","format-standard","has-post-thumbnail","hentry","category-minuto-a-minuto","category-zona-gris"],"jetpack_featured_media_url":"https:\/\/zonaroja.com.mx\/wp-content\/uploads\/2025\/05\/Internet-digital-tecnologias.jpg","jetpack_sharing_enabled":true,"_links":{"self":[{"href":"https:\/\/zonaroja.com.mx\/index.php?rest_route=\/wp\/v2\/posts\/92879","targetHints":{"allow":["GET"]}}],"collection":[{"href":"https:\/\/zonaroja.com.mx\/index.php?rest_route=\/wp\/v2\/posts"}],"about":[{"href":"https:\/\/zonaroja.com.mx\/index.php?rest_route=\/wp\/v2\/types\/post"}],"author":[{"embeddable":true,"href":"https:\/\/zonaroja.com.mx\/index.php?rest_route=\/wp\/v2\/users\/2"}],"replies":[{"embeddable":true,"href":"https:\/\/zonaroja.com.mx\/index.php?rest_route=%2Fwp%2Fv2%2Fcomments&post=92879"}],"version-history":[{"count":1,"href":"https:\/\/zonaroja.com.mx\/index.php?rest_route=\/wp\/v2\/posts\/92879\/revisions"}],"predecessor-version":[{"id":92880,"href":"https:\/\/zonaroja.com.mx\/index.php?rest_route=\/wp\/v2\/posts\/92879\/revisions\/92880"}],"wp:featuredmedia":[{"embeddable":true,"href":"https:\/\/zonaroja.com.mx\/index.php?rest_route=\/wp\/v2\/media\/80206"}],"wp:attachment":[{"href":"https:\/\/zonaroja.com.mx\/index.php?rest_route=%2Fwp%2Fv2%2Fmedia&parent=92879"}],"wp:term":[{"taxonomy":"category","embeddable":true,"href":"https:\/\/zonaroja.com.mx\/index.php?rest_route=%2Fwp%2Fv2%2Fcategories&post=92879"},{"taxonomy":"post_tag","embeddable":true,"href":"https:\/\/zonaroja.com.mx\/index.php?rest_route=%2Fwp%2Fv2%2Ftags&post=92879"}],"curies":[{"name":"wp","href":"https:\/\/api.w.org\/{rel}","templated":true}]}}