{"id":92881,"date":"2026-05-01T20:56:23","date_gmt":"2026-05-02T02:56:23","guid":{"rendered":"https:\/\/zonaroja.com.mx\/?p=92881"},"modified":"2026-05-01T20:56:26","modified_gmt":"2026-05-02T02:56:26","slug":"unidad-dialogo-y-fortalecimiento-academico-farid-acevedo","status":"publish","type":"post","link":"https:\/\/zonaroja.com.mx\/?p=92881","title":{"rendered":"Unidad, di\u00e1logo y fortalecimiento acad\u00e9mico: Farid Acevedo"},"content":{"rendered":"\n<p>Redacci\u00f3n\/Zona Roja.<\/p>\n\n\n\n<p>Oaxaca, Oax., a 1 de mayo de 2026.- Con propuestas orientadas al fortalecimiento acad\u00e9mico y a la estabilidad institucional,&nbsp;Farid Acevedo L\u00f3pez&nbsp;inici\u00f3 su campa\u00f1a rumbo a la Rector\u00eda de la Universidad Aut\u00f3noma \u201cBenito Ju\u00e1rez\u201d de Oaxaca (UABJO) para el periodo&nbsp;2026\u20132030, mediante recorridos por el&nbsp;Instituto de Ciencias de la Educaci\u00f3n (ICE)&nbsp;y la&nbsp;Facultad de Idiomas.<\/p>\n\n\n\n<p>Durante estas visitas se desarrollaron encuentros con estudiantes, docentes, investigadoras e investigadores, as\u00ed como con personal administrativo y de servicios, privilegiando el di\u00e1logo y la escucha activa como ejes para la construcci\u00f3n de acuerdos y el fortalecimiento de la vida universitaria.<\/p>\n\n\n\n<p>En el&nbsp;Instituto de Ciencias de la Educaci\u00f3n, Farid Acevedo L\u00f3pez destac\u00f3 la importancia de consolidar proyectos acad\u00e9micos s\u00f3lidos y de reconocer al estudiantado como el eje central de la universidad.&nbsp;<\/p>\n\n\n\n<p>Subray\u00f3 que escuchar sus ideas, inquietudes y necesidades permite avanzar hacia una educaci\u00f3n m\u00e1s incluyente, cercana y comprometida con las realidades sociales. Asimismo, reconoci\u00f3 el recibimiento de la&nbsp;doctora Leticia Brise\u00f1o&nbsp;Mass, docente investigadora del ICEUABJO, as\u00ed como la disposici\u00f3n al di\u00e1logo de la comunidad acad\u00e9mica y administrativa.<\/p>\n\n\n\n<p>Posteriormente, en la&nbsp;Facultad de Idiomas, el primer d\u00eda de campa\u00f1a se caracteriz\u00f3 por un ambiente de unidad y participaci\u00f3n.&nbsp;<\/p>\n\n\n\n<p>Las distintas voces de la comunidad universitaria coincidieron en que el trabajo conjunto y la suma de esfuerzos desde la diversidad son fundamentales para continuar fortaleciendo a la UABJO.<\/p>\n\n\n\n<p>En ambos espacios, Farid Acevedo L\u00f3pez reiter\u00f3 su compromiso con una&nbsp;extensi\u00f3n universitaria cercana y socialmente responsable, as\u00ed como con el impulso de una&nbsp;interculturalidad viva, que se practique de manera cotidiana en las aulas y en los espacios comunes.&nbsp;<\/p>\n\n\n\n<p>De igual forma, enfatiz\u00f3 la necesidad de impulsar acciones que fortalezcan la permanencia y favorezcan el egreso oportuno del estudiantado, como un derecho y una responsabilidad compartida.<\/p>\n\n\n\n<p>El inicio de este proceso de campa\u00f1a reafirma que la Universidad se fortalece cuando se privilegian el di\u00e1logo, la unidad y la participaci\u00f3n colectiva, con la convicci\u00f3n de seguir construyendo&nbsp;una UABJO m\u00e1s justa, incluyente, s\u00f3lida y comprometida con su tiempo.<\/p>\n","protected":false},"excerpt":{"rendered":"<p>Redacci\u00f3n\/Zona Roja. Oaxaca, Oax., a 1 de mayo de 2026.- Con propuestas orientadas al fortalecimiento&hellip;<\/p>\n","protected":false},"author":2,"featured_media":92882,"comment_status":"closed","ping_status":"open","sticky":false,"template":"","format":"standard","meta":{"_lmt_disableupdate":"","_lmt_disable":"","_jetpack_memberships_contains_paid_content":false,"footnotes":""},"categories":[109,46],"tags":[4788,3507],"class_list":["post-92881","post","type-post","status-publish","format-standard","has-post-thumbnail","hentry","category-minuto-a-minuto","category-zona-blanca","tag-eleccion-uabjo","tag-farid-acevedo-lopez"],"jetpack_featured_media_url":"https:\/\/zonaroja.com.mx\/wp-content\/uploads\/2026\/05\/Recorridos-Farid-Acevedo-UABJO.jpg","jetpack_sharing_enabled":true,"_links":{"self":[{"href":"https:\/\/zonaroja.com.mx\/index.php?rest_route=\/wp\/v2\/posts\/92881","targetHints":{"allow":["GET"]}}],"collection":[{"href":"https:\/\/zonaroja.com.mx\/index.php?rest_route=\/wp\/v2\/posts"}],"about":[{"href":"https:\/\/zonaroja.com.mx\/index.php?rest_route=\/wp\/v2\/types\/post"}],"author":[{"embeddable":true,"href":"https:\/\/zonaroja.com.mx\/index.php?rest_route=\/wp\/v2\/users\/2"}],"replies":[{"embeddable":true,"href":"https:\/\/zonaroja.com.mx\/index.php?rest_route=%2Fwp%2Fv2%2Fcomments&post=92881"}],"version-history":[{"count":1,"href":"https:\/\/zonaroja.com.mx\/index.php?rest_route=\/wp\/v2\/posts\/92881\/revisions"}],"predecessor-version":[{"id":92883,"href":"https:\/\/zonaroja.com.mx\/index.php?rest_route=\/wp\/v2\/posts\/92881\/revisions\/92883"}],"wp:featuredmedia":[{"embeddable":true,"href":"https:\/\/zonaroja.com.mx\/index.php?rest_route=\/wp\/v2\/media\/92882"}],"wp:attachment":[{"href":"https:\/\/zonaroja.com.mx\/index.php?rest_route=%2Fwp%2Fv2%2Fmedia&parent=92881"}],"wp:term":[{"taxonomy":"category","embeddable":true,"href":"https:\/\/zonaroja.com.mx\/index.php?rest_route=%2Fwp%2Fv2%2Fcategories&post=92881"},{"taxonomy":"post_tag","embeddable":true,"href":"https:\/\/zonaroja.com.mx\/index.php?rest_route=%2Fwp%2Fv2%2Ftags&post=92881"}],"curies":[{"name":"wp","href":"https:\/\/api.w.org\/{rel}","templated":true}]}}