{"id":92884,"date":"2026-05-01T21:06:41","date_gmt":"2026-05-02T03:06:41","guid":{"rendered":"https:\/\/zonaroja.com.mx\/?p=92884"},"modified":"2026-05-01T21:06:43","modified_gmt":"2026-05-02T03:06:43","slug":"recibe-gobernador-pliego-petitorio-de-sindicalizados-de-salud-y-educacion","status":"publish","type":"post","link":"https:\/\/zonaroja.com.mx\/?p=92884","title":{"rendered":"Recibe gobernador pliego petitorio de sindicalizados de salud y educaci\u00f3n\u00a0"},"content":{"rendered":"\n<p>Redacci\u00f3n\/Zona Roja.<\/p>\n\n\n\n<p>Oaxaca, Oax., a 1 de mayo de 2026.- Con voluntad pol\u00edtica y apertura al di\u00e1logo, el gobernador Salom\u00f3n Jara Cruz recibi\u00f3 el pliego petitorio de la dirigencia de la Secci\u00f3n 22 del Sindicato Nacional de Trabajadores de la Educaci\u00f3n (SNTE) en Oaxaca e integrantes de la Coordinadora Nacional de Trabajadores de la Educaci\u00f3n (CNTE), con el objetivo de atender sus demandas a trav\u00e9s de un di\u00e1logo franco, respetuoso y constructivo.&nbsp;<\/p>\n\n\n\n<p>\u201cSomos un gobierno de puertas abiertas, que escucha y atiende los planteamientos del magisterio, con quien mantenemos una ruta de trabajo conjunta para fortalecer la educaci\u00f3n.&nbsp;<\/p>\n\n\n\n<p>\u201cReconocemos en la Secci\u00f3n 22 a un movimiento que ha sido clave en la defensa de la educaci\u00f3n p\u00fablica, en la lucha por los derechos laborales, y en la construcci\u00f3n de una conciencia social profundamente arraigada en nuestras comunidades\u201d, expres\u00f3.<\/p>\n\n\n\n<p>Durante la actividad realizada en Palacio de Gobierno, el mandatario estatal afirm\u00f3 que la convicci\u00f3n de su administraci\u00f3n es construir soluciones desde el respeto, la comunicaci\u00f3n y la responsabilidad compartida, con plena disposici\u00f3n para contribuir con la Federaci\u00f3n para la atenci\u00f3n de las solicitudes del profesorado.<\/p>\n\n\n\n<p>Por su parte, la dirigente magisterial Yenny Aracely P\u00e9rez Mart\u00ednez se\u00f1al\u00f3 que el pliego petitorio integra demandas acumuladas de a\u00f1os anteriores junto con planteamientos recientes, en \u00e1mbitos como el educativo, social, econ\u00f3mico y administrativo.<\/p>\n\n\n\n<p>Precis\u00f3 que algunos de los puntos responden a agendas de car\u00e1cter nacional impulsadas por la Coordinadora Nacional de Trabajadores de la Educaci\u00f3n (CNTE), mientras que otros corresponden a necesidades espec\u00edficas del estado, incluyendo temas de infraestructura escolar, condiciones laborales, seguridad social y atenci\u00f3n a problem\u00e1ticas cotidianas en los planteles.<\/p>\n\n\n\n<figure class=\"wp-block-embed is-type-rich is-provider-twitter wp-block-embed-twitter\"><div class=\"wp-block-embed__wrapper\">\n<div class=\"twitter-tweet\"><blockquote class=\"twitter-tweet\" data-lang=\"es\"><p lang=\"es\" dir=\"ltr\">Tambi\u00e9n en el Palacio de Gobierno, el titular del Poder Ejecutivo, <a href=\"https:\/\/twitter.com\/salomonj?ref_src=twsrc%5Etfw\">@salomonj<\/a>, recibi\u00f3 el pliego petitorio de la Secci\u00f3n 35 del Sindicato Nacional de Trabajadores de la Secretar\u00eda de Salud. <a href=\"https:\/\/t.co\/6vxG0XUcIe\">pic.twitter.com\/6vxG0XUcIe<\/a><\/p>&mdash; Zona Roja Oaxaca (@ZonaRoja_Oaxaca) <a href=\"https:\/\/twitter.com\/ZonaRoja_Oaxaca\/status\/2050323110109262199?ref_src=twsrc%5Etfw\">1 de mayo de 2026<\/a><\/blockquote><\/div>\n<\/div><\/figure>\n\n\n\n<p>SECCI\u00d3N 35<\/p>\n\n\n\n<p>Por otra parte, en otro acto tambi\u00e9n en el Palacio de Gobierno, Jara Cruz, recibi\u00f3 el Pliego Petitorio de la Secci\u00f3n 35 del Sindicato Nacional de Trabajadores de la Salud (SNTSA), la cual aglutina a poco m\u00e1s de 14 mil trabajadores y trabajadoras.<\/p>\n\n\n\n<p>Afirm\u00f3 que este acto es una expresi\u00f3n leg\u00edtima de quienes sostienen los servicios p\u00fablicos en este rubro, desde cualquier hospital, centro de salud u oficina, garantizando as\u00ed el derecho humano a la salud.<\/p>\n\n\n\n<p>\u201cRecibimos este pliego con mucha institucionalidad y lo asumimos con seriedad, respeto y con plena conciencia de la importancia que tiene para la vida de las y los trabajadores y sus familias\u201d, dijo.<\/p>\n\n\n\n<p>Declar\u00f3 que, cada una de las demandas presentadas ser\u00e1n analizadas con rigor, apertura y con sentido de justicia y, al mismo tiempo, se actuar\u00e1 con responsabilidad institucional, y las decisiones que se tomen estar\u00e1n enmarcadas en las posibilidades del estado, el uso honesto y eficiente de los recursos p\u00fablicos y con el compromiso de garantizar la estabilidad financiera.<\/p>\n\n\n\n<p>El titular de la gubernatura detall\u00f3 que, la atenci\u00f3n a las demandas hist\u00f3ricas del sindicato de salud en materia de infraestructura ha sido permanente, en este tenor se registran avances considerables en diversas acciones; por ejemplo, el hospital de Huajuapan de Le\u00f3n registra un avance del 95 %; en tanto, el hospital Dr. Aurelio Valdivieso registra el 80 %.<\/p>\n\n\n\n<p>Sobre Ciudad Salud, dijo que ah\u00ed se construir\u00e1 el hospital del ISSSTE para 250 camas y el del IMSS Ordinario para 260 camas, y el nuevo hospital Aurelio Valdivieso.<\/p>\n\n\n\n<p>El dirigente sindical, Omar Jes\u00fas L\u00f3pez S\u00e1nchez reconoci\u00f3 la disposici\u00f3n al di\u00e1logo y la voluntad pol\u00edtica de la administraci\u00f3n estatal, as\u00ed como avances sustanciales en temas como los adeudos a terceros. Tambi\u00e9n, por acciones que fortalecen la operatividad del sistema y dignifica el trabajo de la base trabajadora.<\/p>\n\n\n\n<p>Afirm\u00f3 que este documento sintetiza las principales necesidades de la base trabajadora que a\u00fan persisten, y traza rutas de soluci\u00f3n para fortalecer el sistema de salud en la entidad.<\/p>\n","protected":false},"excerpt":{"rendered":"<p>Redacci\u00f3n\/Zona Roja. Oaxaca, Oax., a 1 de mayo de 2026.- Con voluntad pol\u00edtica y apertura&hellip;<\/p>\n","protected":false},"author":2,"featured_media":92885,"comment_status":"closed","ping_status":"open","sticky":false,"template":"","format":"standard","meta":{"_lmt_disableupdate":"","_lmt_disable":"","_jetpack_memberships_contains_paid_content":false,"footnotes":""},"categories":[109,46],"tags":[312],"class_list":["post-92884","post","type-post","status-publish","format-standard","has-post-thumbnail","hentry","category-minuto-a-minuto","category-zona-blanca","tag-seccion-22-del-snte"],"jetpack_featured_media_url":"https:\/\/zonaroja.com.mx\/wp-content\/uploads\/2026\/05\/collage_export_DA711733-177E-4A1F-B2B3-A0669F0F887E.jpg","jetpack_sharing_enabled":true,"_links":{"self":[{"href":"https:\/\/zonaroja.com.mx\/index.php?rest_route=\/wp\/v2\/posts\/92884","targetHints":{"allow":["GET"]}}],"collection":[{"href":"https:\/\/zonaroja.com.mx\/index.php?rest_route=\/wp\/v2\/posts"}],"about":[{"href":"https:\/\/zonaroja.com.mx\/index.php?rest_route=\/wp\/v2\/types\/post"}],"author":[{"embeddable":true,"href":"https:\/\/zonaroja.com.mx\/index.php?rest_route=\/wp\/v2\/users\/2"}],"replies":[{"embeddable":true,"href":"https:\/\/zonaroja.com.mx\/index.php?rest_route=%2Fwp%2Fv2%2Fcomments&post=92884"}],"version-history":[{"count":1,"href":"https:\/\/zonaroja.com.mx\/index.php?rest_route=\/wp\/v2\/posts\/92884\/revisions"}],"predecessor-version":[{"id":92886,"href":"https:\/\/zonaroja.com.mx\/index.php?rest_route=\/wp\/v2\/posts\/92884\/revisions\/92886"}],"wp:featuredmedia":[{"embeddable":true,"href":"https:\/\/zonaroja.com.mx\/index.php?rest_route=\/wp\/v2\/media\/92885"}],"wp:attachment":[{"href":"https:\/\/zonaroja.com.mx\/index.php?rest_route=%2Fwp%2Fv2%2Fmedia&parent=92884"}],"wp:term":[{"taxonomy":"category","embeddable":true,"href":"https:\/\/zonaroja.com.mx\/index.php?rest_route=%2Fwp%2Fv2%2Fcategories&post=92884"},{"taxonomy":"post_tag","embeddable":true,"href":"https:\/\/zonaroja.com.mx\/index.php?rest_route=%2Fwp%2Fv2%2Ftags&post=92884"}],"curies":[{"name":"wp","href":"https:\/\/api.w.org\/{rel}","templated":true}]}}