{"id":92915,"date":"2026-05-03T07:45:00","date_gmt":"2026-05-03T13:45:00","guid":{"rendered":"https:\/\/zonaroja.com.mx\/?p=92915"},"modified":"2026-05-03T06:04:48","modified_gmt":"2026-05-03T12:04:48","slug":"detienen-en-la-costa-a-dos-mujeres-como-presuntas-narcomenudistas","status":"publish","type":"post","link":"https:\/\/zonaroja.com.mx\/?p=92915","title":{"rendered":"Detienen en la Costa a dos mujeres como presuntas narcomenudistas"},"content":{"rendered":"\n<p>Redacci\u00f3n\/Zona Roja.<\/p>\n\n\n\n<p>Oaxaca, Oax., a 3 de mayo de 2026.- La Fiscal\u00eda General del Estado de Oaxaca (FGEO), realiz\u00f3 la detenci\u00f3n en flagrancia de dos personas del sexo femenino identificadas por las iniciales C.C.O. y DJ.R.R., por su probable responsabilidad en la comisi\u00f3n del delito contra la salud, en hechos ocurridos en la regi\u00f3n de la Costa.<\/p>\n\n\n\n<p>De acuerdo con el informe policial, la detenci\u00f3n se efectu\u00f3 cuando elementos de la Agencia Estatal de Investigaciones (AEI) adscritos a Vicefiscal\u00eda Regional de la Costa realizaban recorridos de vigilancia sobre la carretera federal 125 \u201cAlfonso P\u00e9rez Gasca\u201d, en San Juan Cacahuatepec, distrito de Jamiltepec.<\/p>\n\n\n\n<p>En ese punto, los agentes observaron a un grupo de &nbsp;personas, entre ellos, dos mujeres. Tras realizar una inspecci\u00f3n de rutina, se localizaron entre sus pertenencias diversas bolsas que conten\u00edan una sustancia granulada con caracter\u00edsticas similares a la droga conocida como cristal.<\/p>\n\n\n\n<p>Derivado de estos hechos, ambas personas fueron aseguradas y trasladadas para su certificaci\u00f3n m\u00e9dica, quedando posteriormente a disposici\u00f3n del Ministerio P\u00fablico, quien determinar\u00e1 su situaci\u00f3n jur\u00eddica legal.<\/p>\n\n\n\n<p>La Fiscal\u00eda General del Estado de Oaxaca reitera su compromiso de combatir los delitos contra la salud en la entidad, actuando con estricto apego a la legalidad.&nbsp;<\/p>\n","protected":false},"excerpt":{"rendered":"<p>Redacci\u00f3n\/Zona Roja. Oaxaca, Oax., a 3 de mayo de 2026.- La Fiscal\u00eda General del Estado&hellip;<\/p>\n","protected":false},"author":2,"featured_media":92916,"comment_status":"closed","ping_status":"open","sticky":false,"template":"","format":"standard","meta":{"_lmt_disableupdate":"","_lmt_disable":"","_jetpack_memberships_contains_paid_content":false,"footnotes":""},"categories":[109,46],"tags":[494],"class_list":["post-92915","post","type-post","status-publish","format-standard","has-post-thumbnail","hentry","category-minuto-a-minuto","category-zona-blanca","tag-fiscalia-general-del-estado-de-oaxaca"],"jetpack_featured_media_url":"https:\/\/zonaroja.com.mx\/wp-content\/uploads\/2026\/05\/Mujeres-narcomenudeo-Cacahuatepec.jpg","jetpack_sharing_enabled":true,"_links":{"self":[{"href":"https:\/\/zonaroja.com.mx\/index.php?rest_route=\/wp\/v2\/posts\/92915","targetHints":{"allow":["GET"]}}],"collection":[{"href":"https:\/\/zonaroja.com.mx\/index.php?rest_route=\/wp\/v2\/posts"}],"about":[{"href":"https:\/\/zonaroja.com.mx\/index.php?rest_route=\/wp\/v2\/types\/post"}],"author":[{"embeddable":true,"href":"https:\/\/zonaroja.com.mx\/index.php?rest_route=\/wp\/v2\/users\/2"}],"replies":[{"embeddable":true,"href":"https:\/\/zonaroja.com.mx\/index.php?rest_route=%2Fwp%2Fv2%2Fcomments&post=92915"}],"version-history":[{"count":1,"href":"https:\/\/zonaroja.com.mx\/index.php?rest_route=\/wp\/v2\/posts\/92915\/revisions"}],"predecessor-version":[{"id":92917,"href":"https:\/\/zonaroja.com.mx\/index.php?rest_route=\/wp\/v2\/posts\/92915\/revisions\/92917"}],"wp:featuredmedia":[{"embeddable":true,"href":"https:\/\/zonaroja.com.mx\/index.php?rest_route=\/wp\/v2\/media\/92916"}],"wp:attachment":[{"href":"https:\/\/zonaroja.com.mx\/index.php?rest_route=%2Fwp%2Fv2%2Fmedia&parent=92915"}],"wp:term":[{"taxonomy":"category","embeddable":true,"href":"https:\/\/zonaroja.com.mx\/index.php?rest_route=%2Fwp%2Fv2%2Fcategories&post=92915"},{"taxonomy":"post_tag","embeddable":true,"href":"https:\/\/zonaroja.com.mx\/index.php?rest_route=%2Fwp%2Fv2%2Ftags&post=92915"}],"curies":[{"name":"wp","href":"https:\/\/api.w.org\/{rel}","templated":true}]}}