{"id":92918,"date":"2026-05-03T08:45:00","date_gmt":"2026-05-03T14:45:00","guid":{"rendered":"https:\/\/zonaroja.com.mx\/?p=92918"},"modified":"2026-05-03T06:24:53","modified_gmt":"2026-05-03T12:24:53","slug":"registra-oaxaca-tres-asesinatos-a-balazos-durante-el-sabado","status":"publish","type":"post","link":"https:\/\/zonaroja.com.mx\/?p=92918","title":{"rendered":"Registra Oaxaca tres asesinatos a balazos durante el s\u00e1bado"},"content":{"rendered":"\n<p>Raymundo Morales\/Zona Roja.<\/p>\n\n\n\n<p>Oaxaca, Oax., a 3 de mayo de 2026.- Al menos tres personas fueron asesinadas a balazos en el transcurso de ayer s\u00e1bado en la regi\u00f3n Valles Centrales de Oaxaca.<\/p>\n\n\n\n<p>Un caso ocurri\u00f3 en la agencia Vicente Guerrero del municipio de Villa de Zaachila, donde sujetos desconocidos acribillaron a quien fue identificado como Vladimir V. T., alias \u201cEl Caos\u201d.<\/p>\n\n\n\n<p>El ataque ocurri\u00f3 cerca de las 15:00 horas frente a su domicilio, en la colonia Guillermo Gonz\u00e1lez Guardado, cuando una persona lo busc\u00f3. Param\u00e9dicos de ORAM arribaron al sitio pero corroboraron que ya no contaba con signos vitales.<\/p>\n\n\n\n<p>Mientras tanto alrededor de las 19:00 horas un hombre fue atacado a balazos cuando viajaba en su veh\u00edculo en la carretera federal 175 Oaxaca-Puerto \u00c1ngel, en inmediaciones de Ocotl\u00e1n de Morelos.<\/p>\n\n\n\n<p>Intent\u00f3 huir pero choc\u00f3 contra un objeto fijo; personal de auxilio arrib\u00f3 al sitio pero no pudo rescatarlo con vida; la v\u00edctima fue identificada como Javier P. P., de 51 a\u00f1os de edad, y a\u00fan se desconoce el m\u00f3vil del ataque.<\/p>\n\n\n\n<p>En tanto, la persona ejecutada la tarde de ayer en la colonia Llano Verde del municipio de Santa Cruz Amilpas, fue identificada como Manuel D. V., de aproximadamente 25 a\u00f1os de edad.<\/p>\n\n\n\n<p>Presentaba al menos seis balazos en la cabeza y en el cuerpo y los presuntos responsables se dieron a la fuga a bordo de una motocicleta.<\/p>\n\n\n\n<p>Los casos ya son investigados por la Fiscal\u00eda General del Estado de Oaxaca y por elemento no hay personas detenidas.<\/p>\n","protected":false},"excerpt":{"rendered":"<p>Raymundo Morales\/Zona Roja. Oaxaca, Oax., a 3 de mayo de 2026.- Al menos tres personas&hellip;<\/p>\n","protected":false},"author":2,"featured_media":85627,"comment_status":"closed","ping_status":"open","sticky":false,"template":"","format":"standard","meta":{"_lmt_disableupdate":"","_lmt_disable":"","_jetpack_memberships_contains_paid_content":false,"footnotes":""},"categories":[109,51],"tags":[2509,835,2046],"class_list":["post-92918","post","type-post","status-publish","format-standard","has-post-thumbnail","hentry","category-minuto-a-minuto","category-zona-roja","tag-agencia-vicente-guerrero-zaachila","tag-ocotlan-de-morelos","tag-santa-cruz-amilpas"],"jetpack_featured_media_url":"https:\/\/zonaroja.com.mx\/wp-content\/uploads\/2025\/10\/Escena-del-crimen-seguridad.jpg","jetpack_sharing_enabled":true,"_links":{"self":[{"href":"https:\/\/zonaroja.com.mx\/index.php?rest_route=\/wp\/v2\/posts\/92918","targetHints":{"allow":["GET"]}}],"collection":[{"href":"https:\/\/zonaroja.com.mx\/index.php?rest_route=\/wp\/v2\/posts"}],"about":[{"href":"https:\/\/zonaroja.com.mx\/index.php?rest_route=\/wp\/v2\/types\/post"}],"author":[{"embeddable":true,"href":"https:\/\/zonaroja.com.mx\/index.php?rest_route=\/wp\/v2\/users\/2"}],"replies":[{"embeddable":true,"href":"https:\/\/zonaroja.com.mx\/index.php?rest_route=%2Fwp%2Fv2%2Fcomments&post=92918"}],"version-history":[{"count":1,"href":"https:\/\/zonaroja.com.mx\/index.php?rest_route=\/wp\/v2\/posts\/92918\/revisions"}],"predecessor-version":[{"id":92919,"href":"https:\/\/zonaroja.com.mx\/index.php?rest_route=\/wp\/v2\/posts\/92918\/revisions\/92919"}],"wp:featuredmedia":[{"embeddable":true,"href":"https:\/\/zonaroja.com.mx\/index.php?rest_route=\/wp\/v2\/media\/85627"}],"wp:attachment":[{"href":"https:\/\/zonaroja.com.mx\/index.php?rest_route=%2Fwp%2Fv2%2Fmedia&parent=92918"}],"wp:term":[{"taxonomy":"category","embeddable":true,"href":"https:\/\/zonaroja.com.mx\/index.php?rest_route=%2Fwp%2Fv2%2Fcategories&post=92918"},{"taxonomy":"post_tag","embeddable":true,"href":"https:\/\/zonaroja.com.mx\/index.php?rest_route=%2Fwp%2Fv2%2Ftags&post=92918"}],"curies":[{"name":"wp","href":"https:\/\/api.w.org\/{rel}","templated":true}]}}