{"id":9300,"date":"2020-02-28T18:38:09","date_gmt":"2020-02-29T00:38:09","guid":{"rendered":"http:\/\/www.zonaroja.com.mx\/?p=9300"},"modified":"2020-02-28T18:38:13","modified_gmt":"2020-02-29T00:38:13","slug":"edil-de-santa-lucia-del-camino-se-niega-a-pagar-laudos-a-trabajadores","status":"publish","type":"post","link":"https:\/\/zonaroja.com.mx\/?p=9300","title":{"rendered":"Edil de Santa Luc\u00eda del Camino se niega a pagar laudos a trabajadores"},"content":{"rendered":"\n<p>Yuridiana Sosa\/Zona Roja.<\/p>\n\n\n\n<p>Oaxaca de Ju\u00e1rez, Oax., 28 de febrero\n2020.-&nbsp; Con una supuesta \u201ctoma\u201d de\npalacio municipal, el presidente municipal de Santa Luc\u00eda del Camino, Dante\nMonta\u00f1o, se neg\u00f3 a la reinstalaci\u00f3n laboral de 35 trabajadores de base\nprogramada para este viernes por parte de la Junta Local de Conciliaci\u00f3n y\nArbitraje.<\/p>\n\n\n\n<p>Los afectados arribaron al inmueble\nmunicipal cerca de las 10:30 horas para reunirse con el edil emanado del\nPartido Morena y formalizar el regreso a su centro de trabajo, pero Dante\nMonta\u00f1o no acudi\u00f3, presuntamente por el cierre del inmueble a consecuencia de\nuna protesta.<\/p>\n\n\n\n<p>La representante de los beneficiados con un laudo en 2016, Maribel Catalia D\u00edaz Olmedo, se\u00f1al\u00f3 que es la s\u00e9ptima ocasi\u00f3n, en el transcurso de cuatro a\u00f1os, que se presentan para que la autoridad los reinstale; lo cual no se ha concretado.<\/p>\n\n\n\n<figure class=\"wp-block-embed-twitter wp-block-embed is-type-rich is-provider-twitter\"><div class=\"wp-block-embed__wrapper\">\n<div class=\"twitter-tweet\"><blockquote class=\"twitter-tweet\" data-lang=\"es\"><p lang=\"es\" dir=\"ltr\"><a href=\"https:\/\/twitter.com\/hashtag\/OaxacaGris?src=hash&amp;ref_src=twsrc%5Etfw\">#OaxacaGris<\/a><br>Para evitar la reinstalaci\u00f3n de 35 trabajadores, edil de Santa Luc\u00eda del Camino, <a href=\"https:\/\/twitter.com\/DANTEMONTANO?ref_src=twsrc%5Etfw\">@Dantemontano<\/a>, simul\u00f3 una \u201ctoma\u201d del palacio municipal, acusan favorecidos por un laudo laboral. <a href=\"https:\/\/t.co\/lU4opHYkGL\">pic.twitter.com\/lU4opHYkGL<\/a><\/p>&mdash; Zona Roja Oaxaca (@MexRoja) <a href=\"https:\/\/twitter.com\/MexRoja\/status\/1233538002384715776?ref_src=twsrc%5Etfw\">28 de febrero de 2020<\/a><\/blockquote><\/div>\n<\/div><\/figure>\n\n\n\n<p>Los afectados con el despido durante el\ntrienio del edil Pedro Caba\u00f1as, indicaron que la autoridad municipal debe pagar\nun monto aproximado de 25 millones de pesos en salarios ca\u00eddos.<\/p>\n\n\n\n<p>El presidente municipal argumenta que\nno existen recursos para pagar dicho recurso, denunciaron los trabajadores,\nquienes priorizan la reinstalaci\u00f3n sobre el pago.<\/p>\n\n\n\n<p>LA \u201cPROTESTA\u201d<\/p>\n\n\n\n<p>Previo a ello, taxistas arribaron a la\nexplanada frente a palacio municipal para demandar una reuni\u00f3n con el\npresidente Dante Monta\u00f1o, sobre los problemas en el sector de transporte en la\nmodalidad de taxi.<\/p>\n\n\n\n<p>Los afectados, choferes y\nconcesionarios, denunciaron la circulaci\u00f3n de taxis piratas, lo cual podr\u00eda\nderivar en una mayor inconformidad por parte del gremio si no tiene una\ninmediata atenci\u00f3n, por lo que solicitaron la intervenci\u00f3n del edil. Pero\ntambi\u00e9n se quedaron esperando.<\/p>\n","protected":false},"excerpt":{"rendered":"<p>Yuridiana Sosa\/Zona Roja. Oaxaca de Ju\u00e1rez, Oax., 28 de febrero 2020.-&nbsp; Con una supuesta \u201ctoma\u201d&hellip;<\/p>\n","protected":false},"author":2,"featured_media":9301,"comment_status":"closed","ping_status":"open","sticky":false,"template":"","format":"standard","meta":{"_lmt_disableupdate":"","_lmt_disable":"","_jetpack_memberships_contains_paid_content":false,"footnotes":""},"categories":[109,47],"tags":[585],"class_list":["post-9300","post","type-post","status-publish","format-standard","has-post-thumbnail","hentry","category-minuto-a-minuto","category-zona-gris","tag-dante-montano-montero"],"jetpack_featured_media_url":"https:\/\/zonaroja.com.mx\/wp-content\/uploads\/2020\/02\/Trabajadores-Santa-Luc\u00eda-del-Camino.jpg","jetpack_sharing_enabled":true,"_links":{"self":[{"href":"https:\/\/zonaroja.com.mx\/index.php?rest_route=\/wp\/v2\/posts\/9300","targetHints":{"allow":["GET"]}}],"collection":[{"href":"https:\/\/zonaroja.com.mx\/index.php?rest_route=\/wp\/v2\/posts"}],"about":[{"href":"https:\/\/zonaroja.com.mx\/index.php?rest_route=\/wp\/v2\/types\/post"}],"author":[{"embeddable":true,"href":"https:\/\/zonaroja.com.mx\/index.php?rest_route=\/wp\/v2\/users\/2"}],"replies":[{"embeddable":true,"href":"https:\/\/zonaroja.com.mx\/index.php?rest_route=%2Fwp%2Fv2%2Fcomments&post=9300"}],"version-history":[{"count":1,"href":"https:\/\/zonaroja.com.mx\/index.php?rest_route=\/wp\/v2\/posts\/9300\/revisions"}],"predecessor-version":[{"id":9302,"href":"https:\/\/zonaroja.com.mx\/index.php?rest_route=\/wp\/v2\/posts\/9300\/revisions\/9302"}],"wp:featuredmedia":[{"embeddable":true,"href":"https:\/\/zonaroja.com.mx\/index.php?rest_route=\/wp\/v2\/media\/9301"}],"wp:attachment":[{"href":"https:\/\/zonaroja.com.mx\/index.php?rest_route=%2Fwp%2Fv2%2Fmedia&parent=9300"}],"wp:term":[{"taxonomy":"category","embeddable":true,"href":"https:\/\/zonaroja.com.mx\/index.php?rest_route=%2Fwp%2Fv2%2Fcategories&post=9300"},{"taxonomy":"post_tag","embeddable":true,"href":"https:\/\/zonaroja.com.mx\/index.php?rest_route=%2Fwp%2Fv2%2Ftags&post=9300"}],"curies":[{"name":"wp","href":"https:\/\/api.w.org\/{rel}","templated":true}]}}