{"id":9304,"date":"2020-02-28T21:06:07","date_gmt":"2020-02-29T03:06:07","guid":{"rendered":"http:\/\/www.zonaroja.com.mx\/?p=9304"},"modified":"2020-02-28T21:06:10","modified_gmt":"2020-02-29T03:06:10","slug":"protestan-en-acto-del-ayuntamiento-para-pedir-vigilancia-de-guardia-nacional","status":"publish","type":"post","link":"https:\/\/zonaroja.com.mx\/?p=9304","title":{"rendered":"Protestan en acto del ayuntamiento para pedir vigilancia de Guardia Nacional"},"content":{"rendered":"\n<p>Evlin Arag\u00f3n\/Zona Roja.<\/p>\n\n\n\n<p>Oaxaca de Ju\u00e1rez, Oax., Al menos una\ndocena de integrantes de la organizaci\u00f3n \u201cColmillo Blanco\u201d y activistas en\ndefensa del medio ambiente demandaron la presencia de elementos de la Guardia\nNacional para preservar las \u00e1reas naturales protegidas ubicadas en la capital\ndel estado.<\/p>\n\n\n\n<p>De acuerdo con las y los activistas que se manifestaron este viernes con pancartas en mano al interior de un hotel de la ciudad, en un acto del ayuntamiento, los elementos federales tienen la facultad de dar protecci\u00f3n a las \u00e1reas ubicadas en el cerro del Fort\u00edn, cerro del Crest\u00f3n y en la presa Rompepicos a fin de que garantice la permanencia de estos espacios.<\/p>\n\n\n\n<p>Carlos Alberto Morales, representante\nde la organizaci\u00f3n \u201cColmillo Blanco\u201d, explic\u00f3 que en fechas recientes han\nobservado que algunas camionetas con grupos de personas desconocidas a bordo\ndan rondines en el lugar, lo cual advierten podr\u00eda tratarse de futuras\ninvasiones al declararse due\u00f1os de los predios que por ley deber\u00edan est\u00e1n\nprotegidos.<\/p>\n\n\n\n<p>\u201cQueremos que la Guardia Nacional\ninstale un campamento en la zona, ya que las autoridades estatales no han\natendido nuestras inquietudes con respecto a las \u00e1reas naturales protegidas que\nconsideramos est\u00e1n en riesgo\u201d, detall\u00f3.<\/p>\n\n\n\n<p>De igual forma, explic\u00f3 que ante la desidia\nde las autoridades estatales, son activistas a favor del medio ambiente quienes\nse han dado a la tarea de conservar las \u00e1reas naturales, por lo que realizan\nacciones de riego y reforestaci\u00f3n para que dichas est\u00e1s contin\u00faen siendo los\npulmones de la capital del estado.<\/p>\n\n\n\n<p>\u201cNosotros todos los d\u00edas acudimos al cerro\ndel Fort\u00edn para realizar actividades de riego y hemos notado que camionetas\nest\u00e1n tratado de medir los terrenos y de apoderarse de una zona que nos\npertenece a todas y todos\u201d, manifest\u00f3.<\/p>\n\n\n\n<p>Alberto Morales insisti\u00f3 en la\nnecesidad de que exista seguridad en la zona para evitar futuros da\u00f1os\nambientales que pudieran llegar a ser irreversibles, a la par que alert\u00f3 a la\nciudadan\u00eda para estar al pendiente de lo que suceda con estas \u00e1reas que\nsignifican vida para todas y todos los capitalinos.<\/p>\n\n\n\n<p>Finalmente pidi\u00f3 a las autoridades que\nse establezca una mesa de di\u00e1logo, en la que tambi\u00e9n se incluya representaci\u00f3n\ndel Congreso de Oaxaca, a fin de que se pueda concretar un plan de acci\u00f3n que\nincluya la conservaci\u00f3n y preservaci\u00f3n de las pocas \u00e1reas protegidas que le\nquedan a la ciudad.<\/p>\n","protected":false},"excerpt":{"rendered":"<p>Evlin Arag\u00f3n\/Zona Roja. Oaxaca de Ju\u00e1rez, Oax., Al menos una docena de integrantes de la&hellip;<\/p>\n","protected":false},"author":2,"featured_media":9305,"comment_status":"closed","ping_status":"open","sticky":false,"template":"","format":"standard","meta":{"_lmt_disableupdate":"","_lmt_disable":"","_jetpack_memberships_contains_paid_content":false,"footnotes":""},"categories":[109,52],"tags":[1445],"class_list":["post-9304","post","type-post","status-publish","format-standard","has-post-thumbnail","hentry","category-minuto-a-minuto","category-zona-verde","tag-protesta-asociacion-colmillo-blanco"],"jetpack_featured_media_url":"https:\/\/zonaroja.com.mx\/wp-content\/uploads\/2020\/02\/Protesta-Colmillo-Blanco.jpg","jetpack_sharing_enabled":true,"_links":{"self":[{"href":"https:\/\/zonaroja.com.mx\/index.php?rest_route=\/wp\/v2\/posts\/9304","targetHints":{"allow":["GET"]}}],"collection":[{"href":"https:\/\/zonaroja.com.mx\/index.php?rest_route=\/wp\/v2\/posts"}],"about":[{"href":"https:\/\/zonaroja.com.mx\/index.php?rest_route=\/wp\/v2\/types\/post"}],"author":[{"embeddable":true,"href":"https:\/\/zonaroja.com.mx\/index.php?rest_route=\/wp\/v2\/users\/2"}],"replies":[{"embeddable":true,"href":"https:\/\/zonaroja.com.mx\/index.php?rest_route=%2Fwp%2Fv2%2Fcomments&post=9304"}],"version-history":[{"count":1,"href":"https:\/\/zonaroja.com.mx\/index.php?rest_route=\/wp\/v2\/posts\/9304\/revisions"}],"predecessor-version":[{"id":9306,"href":"https:\/\/zonaroja.com.mx\/index.php?rest_route=\/wp\/v2\/posts\/9304\/revisions\/9306"}],"wp:featuredmedia":[{"embeddable":true,"href":"https:\/\/zonaroja.com.mx\/index.php?rest_route=\/wp\/v2\/media\/9305"}],"wp:attachment":[{"href":"https:\/\/zonaroja.com.mx\/index.php?rest_route=%2Fwp%2Fv2%2Fmedia&parent=9304"}],"wp:term":[{"taxonomy":"category","embeddable":true,"href":"https:\/\/zonaroja.com.mx\/index.php?rest_route=%2Fwp%2Fv2%2Fcategories&post=9304"},{"taxonomy":"post_tag","embeddable":true,"href":"https:\/\/zonaroja.com.mx\/index.php?rest_route=%2Fwp%2Fv2%2Ftags&post=9304"}],"curies":[{"name":"wp","href":"https:\/\/api.w.org\/{rel}","templated":true}]}}