{"id":9307,"date":"2020-02-28T21:11:13","date_gmt":"2020-02-29T03:11:13","guid":{"rendered":"http:\/\/www.zonaroja.com.mx\/?p=9307"},"modified":"2020-02-28T21:21:09","modified_gmt":"2020-02-29T03:21:09","slug":"exigen-destitucion-de-director-de-hospital-de-los-sso-en-salina-cruz","status":"publish","type":"post","link":"https:\/\/zonaroja.com.mx\/?p=9307","title":{"rendered":"Exigen destituci\u00f3n de director de hospital de los SSO en Salina Cruz"},"content":{"rendered":"\n<p>Yuridiana Sosa\/Zona Roja.<\/p>\n\n\n\n<p>Oaxaca de Ju\u00e1rez, Oax., 28 de febrero\nde 2020.- Trabajadores del Hospital de Especialidades Salina Cruz, perteneciente\na los Servicios de Salud de Oaxaca, exigen la renuncia del director de\nnosocomio, Jes\u00fas Alejandro Ram\u00edrez Figueroa, por negligencia institucional ante\nlas carencias que afectan la atenci\u00f3n m\u00e9dica.<\/p>\n\n\n\n<p>Personal m\u00e9dico y administrativo\npresentaron ante la Direcci\u00f3n de Atenci\u00f3n M\u00e9dica de los SSO las omisiones de\nRam\u00edrez Figueroa para solventar, desde la de medicamentos hasta la clausura de\nespacios quir\u00fargicos y de especialidades.<\/p>\n\n\n\n<p>Los quir\u00f3fanos cumplen m\u00e1s de un a\u00f1o\ncerrados al dejar de ser funcionales, pero la direcci\u00f3n no orden\u00f3 la\ncancelaci\u00f3n del servicio quir\u00fargico, por lo que esta atenci\u00f3n se ofrece desde\nun quir\u00f3fano improvisado en la sala de expulsi\u00f3n, donde se comparte espacio con\notros pacientes.<\/p>\n\n\n\n<p>El \u00e1rea de imagenolog\u00eda fue clausurada\npor la Comisi\u00f3n Federal para la Protecci\u00f3n Contra Riesgos Sanitarios\n(Cofepris), pero los trabajadores desconocen los motivos; adem\u00e1s, los estudios\nde radiolog\u00eda se realizan con costo para el paciente y se llevan a cabo con\nequipo port\u00e1til en la unidad del paciente, lo que esto provoca riesgos por la\nradiaci\u00f3n para el personal y los pacientes del \u00e1rea.<\/p>\n\n\n\n<p>Los trabajadores denunciaron que la\nUnidad de Cuidados Intermedios Neonatales (UCIN) tambi\u00e9n se cerr\u00f3 debido a los\nmicroorganismos que provocaron la muerte de pacientes neonatos. A pesar de la\nnecesidad de este espacio, el director no realiza ninguna gesti\u00f3n para\nreabrirla.<\/p>\n\n\n\n<p>En cuanto al tema administrativo, el\npersonal se quej\u00f3 que Alejandro Ram\u00edrez Figueroa no ha realizado inspecciones\nen las distintas \u00e1reas del nosocomio y con la excusa de que se encuentra en la\nciudad de Oaxaca en tr\u00e1mites, se ausenta por varios d\u00edas y cuando acude lo hace\npor breve tiempo.<\/p>\n\n\n\n<p>Entre otras quejas, el personal expuso\na los directivos del SSO que Ram\u00edrez Figueroa desatiende tambi\u00e9n la parte de\nresponsabilidad laboral, pues existen trabajadores que no cumplen con su\nhorario establecido, lo cual ha provocado diferencias entre el personal.<\/p>\n","protected":false},"excerpt":{"rendered":"<p>Yuridiana Sosa\/Zona Roja. Oaxaca de Ju\u00e1rez, Oax., 28 de febrero de 2020.- Trabajadores del Hospital&hellip;<\/p>\n","protected":false},"author":2,"featured_media":8934,"comment_status":"closed","ping_status":"open","sticky":false,"template":"","format":"standard","meta":{"_lmt_disableupdate":"","_lmt_disable":"","_jetpack_memberships_contains_paid_content":false,"footnotes":""},"categories":[109,47],"tags":[1446],"class_list":["post-9307","post","type-post","status-publish","format-standard","has-post-thumbnail","hentry","category-minuto-a-minuto","category-zona-gris","tag-protesta-hospital-de-salina-cruz"],"jetpack_featured_media_url":"https:\/\/zonaroja.com.mx\/wp-content\/uploads\/2020\/02\/Hospital-Salina-Cruz.jpg","jetpack_sharing_enabled":true,"_links":{"self":[{"href":"https:\/\/zonaroja.com.mx\/index.php?rest_route=\/wp\/v2\/posts\/9307","targetHints":{"allow":["GET"]}}],"collection":[{"href":"https:\/\/zonaroja.com.mx\/index.php?rest_route=\/wp\/v2\/posts"}],"about":[{"href":"https:\/\/zonaroja.com.mx\/index.php?rest_route=\/wp\/v2\/types\/post"}],"author":[{"embeddable":true,"href":"https:\/\/zonaroja.com.mx\/index.php?rest_route=\/wp\/v2\/users\/2"}],"replies":[{"embeddable":true,"href":"https:\/\/zonaroja.com.mx\/index.php?rest_route=%2Fwp%2Fv2%2Fcomments&post=9307"}],"version-history":[{"count":1,"href":"https:\/\/zonaroja.com.mx\/index.php?rest_route=\/wp\/v2\/posts\/9307\/revisions"}],"predecessor-version":[{"id":9308,"href":"https:\/\/zonaroja.com.mx\/index.php?rest_route=\/wp\/v2\/posts\/9307\/revisions\/9308"}],"wp:featuredmedia":[{"embeddable":true,"href":"https:\/\/zonaroja.com.mx\/index.php?rest_route=\/wp\/v2\/media\/8934"}],"wp:attachment":[{"href":"https:\/\/zonaroja.com.mx\/index.php?rest_route=%2Fwp%2Fv2%2Fmedia&parent=9307"}],"wp:term":[{"taxonomy":"category","embeddable":true,"href":"https:\/\/zonaroja.com.mx\/index.php?rest_route=%2Fwp%2Fv2%2Fcategories&post=9307"},{"taxonomy":"post_tag","embeddable":true,"href":"https:\/\/zonaroja.com.mx\/index.php?rest_route=%2Fwp%2Fv2%2Ftags&post=9307"}],"curies":[{"name":"wp","href":"https:\/\/api.w.org\/{rel}","templated":true}]}}