{"id":9310,"date":"2020-02-28T21:22:51","date_gmt":"2020-02-29T03:22:51","guid":{"rendered":"http:\/\/www.zonaroja.com.mx\/?p=9310"},"modified":"2020-02-28T21:23:20","modified_gmt":"2020-02-29T03:23:20","slug":"aprehenden-a-presunto-jefe-de-plaza-en-la-cuenca-de-oaxaca-y-veracruz","status":"publish","type":"post","link":"https:\/\/zonaroja.com.mx\/?p=9310","title":{"rendered":"Aprehenden a presunto jefe de plaza en la Cuenca de Oaxaca y Veracruz"},"content":{"rendered":"\n<p>Redacci\u00f3n\/Zona Roja.<\/p>\n\n\n\n<p>Oaxaca de Ju\u00e1rez, Oax., 28 de febrero\nde 2020.- Fuerzas policiacas estatales y federales aprehendieron hoy en Tuxtla\nGuti\u00e9rrez, Chiapas, a Jos\u00e9 H., conocido como \u201cEl Chepe\u201d, presunto l\u00edder de un\ngrupo de la delincuencia organizada que operaba en los municipios colindantes\nde Oaxaca y Veracruz.<\/p>\n\n\n\n<p>De acuerdo con los primeros reportes de\nautoridades de esa entidad vecina, tiene diversas \u00f3rdenes de aprehensi\u00f3n por\ndelitos que ha cometido en dicha zona, entre ellas las ciudades de San Juan\nBautista Tuxtepec y Loma Bonita, donde ten\u00eda su centro de operaciones.<\/p>\n\n\n\n<p>Manten\u00eda una rivalidad con otros grupos\ndel crimen organizado, en que presuntamente estaban involucrados sus hermanos,\nLeonardo Hern\u00e1ndez, asesinado el 27 de abril de 2018 en Playa Vicente,\nVeracruz.<\/p>\n\n\n\n<p>Asimismo, Ariel Hern\u00e1ndez, ejecutado el\n23 de agosto de 2016 en Tuxtepec, cr\u00edmenes que intensificaron la ola de\nasesinatos.<\/p>\n\n\n\n<p>\u201cEl Chepe\u201d fue trasladado, seg\u00fan los\ninformes, a la sede de la Fiscal\u00eda General del Estado en Ciudad Judicial, San\nBartolo Coyotepec, donde es resguardado por un fuerte operativo de seguridad;\nde ah\u00ed ser\u00eda remitido a la Fiscal\u00eda General de la Rep\u00fablica.<\/p>\n","protected":false},"excerpt":{"rendered":"<p>Redacci\u00f3n\/Zona Roja. Oaxaca de Ju\u00e1rez, Oax., 28 de febrero de 2020.- Fuerzas policiacas estatales y&hellip;<\/p>\n","protected":false},"author":2,"featured_media":9311,"comment_status":"closed","ping_status":"open","sticky":false,"template":"","format":"standard","meta":{"_lmt_disableupdate":"","_lmt_disable":"","_jetpack_memberships_contains_paid_content":false,"footnotes":""},"categories":[109,51],"tags":[1447],"class_list":["post-9310","post","type-post","status-publish","format-standard","has-post-thumbnail","hentry","category-minuto-a-minuto","category-zona-roja","tag-capturan-a-jose-hernandez-el-chepe"],"jetpack_featured_media_url":"https:\/\/zonaroja.com.mx\/wp-content\/uploads\/2020\/02\/El-Chepe.jpg","jetpack_sharing_enabled":true,"_links":{"self":[{"href":"https:\/\/zonaroja.com.mx\/index.php?rest_route=\/wp\/v2\/posts\/9310","targetHints":{"allow":["GET"]}}],"collection":[{"href":"https:\/\/zonaroja.com.mx\/index.php?rest_route=\/wp\/v2\/posts"}],"about":[{"href":"https:\/\/zonaroja.com.mx\/index.php?rest_route=\/wp\/v2\/types\/post"}],"author":[{"embeddable":true,"href":"https:\/\/zonaroja.com.mx\/index.php?rest_route=\/wp\/v2\/users\/2"}],"replies":[{"embeddable":true,"href":"https:\/\/zonaroja.com.mx\/index.php?rest_route=%2Fwp%2Fv2%2Fcomments&post=9310"}],"version-history":[{"count":1,"href":"https:\/\/zonaroja.com.mx\/index.php?rest_route=\/wp\/v2\/posts\/9310\/revisions"}],"predecessor-version":[{"id":9312,"href":"https:\/\/zonaroja.com.mx\/index.php?rest_route=\/wp\/v2\/posts\/9310\/revisions\/9312"}],"wp:featuredmedia":[{"embeddable":true,"href":"https:\/\/zonaroja.com.mx\/index.php?rest_route=\/wp\/v2\/media\/9311"}],"wp:attachment":[{"href":"https:\/\/zonaroja.com.mx\/index.php?rest_route=%2Fwp%2Fv2%2Fmedia&parent=9310"}],"wp:term":[{"taxonomy":"category","embeddable":true,"href":"https:\/\/zonaroja.com.mx\/index.php?rest_route=%2Fwp%2Fv2%2Fcategories&post=9310"},{"taxonomy":"post_tag","embeddable":true,"href":"https:\/\/zonaroja.com.mx\/index.php?rest_route=%2Fwp%2Fv2%2Ftags&post=9310"}],"curies":[{"name":"wp","href":"https:\/\/api.w.org\/{rel}","templated":true}]}}