{"id":9313,"date":"2020-02-29T08:28:09","date_gmt":"2020-02-29T14:28:09","guid":{"rendered":"http:\/\/www.zonaroja.com.mx\/?p=9313"},"modified":"2020-02-29T08:28:11","modified_gmt":"2020-02-29T14:28:11","slug":"panico-en-mexico-se-acaban-cubrebocas-oms-declara-nivel-alto-para-conoravirus","status":"publish","type":"post","link":"https:\/\/zonaroja.com.mx\/?p=9313","title":{"rendered":"P\u00e1nico en M\u00e9xico; se acaban cubrebocas; OMS declara nivel alto para conoravirus"},"content":{"rendered":"\n<p>Redacci\u00f3n\/Zona Roja Cdmx.<\/p>\n\n\n\n<p>Ciudad de M\u00e9xico, 29 de febrero de 2020.-\nEl p\u00e1nico lleg\u00f3 a M\u00e9xico junto con el coronavirus. En menos de 12 horas, las\ntiendas comerciales y farmacias se vaciaron de los cubrebocas y desinfectantes,\npese al llamado de las autoridades federales de guardar la calma.<\/p>\n\n\n\n<p>Ayer, la Secretar\u00eda de Salud federal\nconfirm\u00f3 tres casos de enfermos con el Covid-19, dos de ellos en la Ciudad de\nM\u00e9xico y uno en Sinaloa, en tanto se tienen al menos otros dos casos\nsospechosos.<\/p>\n\n\n\n<p>NIVEL ALTO<\/p>\n\n\n\n<p>En tanto, la Organizaci\u00f3n Mundial de la\nSalud (OMS) indic\u00f3 ayer que gran parte de la comunidad internacional a\u00fan no\nest\u00e1 preparada para poner en marcha las medidas que contengan el r\u00e1pido avance\ndel Covid-19, como se ha hecho en China continental, y reiter\u00f3 que ser\u00eda un\nerror fatal asumir que alguna naci\u00f3n est\u00e1 exenta de contagio.<\/p>\n\n\n\n<p>La alerta de la OMS sobre la epidemia\nse elev\u00f3 a nivel muy alto, luego que se registraron 79 mil infectados y 2 mil\n800 muertos en China continental y alrededor de 5 mil contagios y 80 decesos en\nel resto del mundo.<\/p>\n\n\n\n<p>\u201cEstamos en un momento decisivo. Ning\u00fan\npa\u00eds debe pensar que no tendr\u00e1 casos. Eso ser\u00eda un error fatal. El virus no\nrespeta fronteras\u201d, declar\u00f3 el director de la OMS, Tedros Adhanom Ghebreyesus,\nquien subray\u00f3 que durante el jueves y el viernes el n\u00famero diario de contagios\nen el mundo fue superior al de los registrados en China.<\/p>\n\n\n\n<p>El gobierno de Pek\u00edn anunci\u00f3 hoy otros\n47 muertos y 427 nuevos casos de contagio. En total, registra 79 mil 251\ninfectados y 2 mil 835 fallecidos desde el inicio de la epidemia en diciembre\npasado en Wuhan.<\/p>\n\n\n\n<p>Un funcionario chino sostuvo que se\ndescubri\u00f3 que algunos pacientes recuperados estaban infectados, lo que sugiere\nque el Covid-19 puede ser a\u00fan m\u00e1s dif\u00edcil de erradicar de lo que se pensaba.<\/p>\n\n\n\n<p>QUE NO CUNDA EL P\u00c1NICO<\/p>\n\n\n\n<p>El secretario general de la\nOrganizaci\u00f3n de Naciones Unidas, Ant\u00f3nio Guterres, resalt\u00f3 que no es el momento\nde que cunda el p\u00e1nico, sino de prepararse plenamente.<\/p>\n\n\n\n<p>Italia, donde el virus contagi\u00f3 hasta\nayer a 851 personas y caus\u00f3 21 muertos, pidi\u00f3 al resto de pa\u00edses de la Uni\u00f3n\nEuropea mascarillas para proteger a su poblaci\u00f3n del coronavirus a trav\u00e9s del\nmecanismo europeo de protecci\u00f3n civil.<\/p>\n\n\n\n<p>M\u00e9xico, Nigeria, Dinamarca, Islandia,\nPa\u00edses Bajos y Lituania informaron ayer de sus primeros casos, todos con\nantecedentes de viajes relacionados a Italia. En Francia la cifra de infectados\nsubi\u00f3 a 57, en Espa\u00f1a a 32, en Gran Breta\u00f1a a 20 y en Estados Unidos a 63.<\/p>\n\n\n\n<p>En Jap\u00f3n, un brit\u00e1nico que enferm\u00f3 del\nvirus a bordo del crucero Diamond Princess, puesto en cuarentena cerca de\nTokio, falleci\u00f3 a causa de la enfermedad. El balance se elev\u00f3 en el pa\u00eds a 10\nmuertos y m\u00e1s de 900 personas contagiadas.<\/p>\n\n\n\n<p>Corea del Sur, principal foco de\ninfecci\u00f3n fuera de China, registr\u00f3 hoy 594 contagios m\u00e1s, lo que elev\u00f3 a 2 mil\n931 los enfermos, entre ellos 13 muertos.<\/p>\n\n\n\n<p>Ir\u00e1n inform\u00f3 ayer del deceso de ocho\npersonas infectadas entre los 143 nuevos casos detectados en las \u00faltimas 24\nhoras, en total se registran 34 muertos y 388 casos. Se trata del saldo de\nmuertos m\u00e1s importante fuera de China.\n\n(Con informaci\u00f3n de agencias internacionales)<br><br><\/p>\n","protected":false},"excerpt":{"rendered":"<p>Redacci\u00f3n\/Zona Roja Cdmx. Ciudad de M\u00e9xico, 29 de febrero de 2020.- El p\u00e1nico lleg\u00f3 a&hellip;<\/p>\n","protected":false},"author":2,"featured_media":9314,"comment_status":"closed","ping_status":"open","sticky":false,"template":"","format":"standard","meta":{"_lmt_disableupdate":"","_lmt_disable":"","_jetpack_memberships_contains_paid_content":false,"footnotes":""},"categories":[109,47],"tags":[1328],"class_list":["post-9313","post","type-post","status-publish","format-standard","has-post-thumbnail","hentry","category-minuto-a-minuto","category-zona-gris","tag-coronavirus-mexico"],"jetpack_featured_media_url":"https:\/\/zonaroja.com.mx\/wp-content\/uploads\/2020\/02\/cubrebocas.jpg","jetpack_sharing_enabled":true,"_links":{"self":[{"href":"https:\/\/zonaroja.com.mx\/index.php?rest_route=\/wp\/v2\/posts\/9313","targetHints":{"allow":["GET"]}}],"collection":[{"href":"https:\/\/zonaroja.com.mx\/index.php?rest_route=\/wp\/v2\/posts"}],"about":[{"href":"https:\/\/zonaroja.com.mx\/index.php?rest_route=\/wp\/v2\/types\/post"}],"author":[{"embeddable":true,"href":"https:\/\/zonaroja.com.mx\/index.php?rest_route=\/wp\/v2\/users\/2"}],"replies":[{"embeddable":true,"href":"https:\/\/zonaroja.com.mx\/index.php?rest_route=%2Fwp%2Fv2%2Fcomments&post=9313"}],"version-history":[{"count":1,"href":"https:\/\/zonaroja.com.mx\/index.php?rest_route=\/wp\/v2\/posts\/9313\/revisions"}],"predecessor-version":[{"id":9315,"href":"https:\/\/zonaroja.com.mx\/index.php?rest_route=\/wp\/v2\/posts\/9313\/revisions\/9315"}],"wp:featuredmedia":[{"embeddable":true,"href":"https:\/\/zonaroja.com.mx\/index.php?rest_route=\/wp\/v2\/media\/9314"}],"wp:attachment":[{"href":"https:\/\/zonaroja.com.mx\/index.php?rest_route=%2Fwp%2Fv2%2Fmedia&parent=9313"}],"wp:term":[{"taxonomy":"category","embeddable":true,"href":"https:\/\/zonaroja.com.mx\/index.php?rest_route=%2Fwp%2Fv2%2Fcategories&post=9313"},{"taxonomy":"post_tag","embeddable":true,"href":"https:\/\/zonaroja.com.mx\/index.php?rest_route=%2Fwp%2Fv2%2Ftags&post=9313"}],"curies":[{"name":"wp","href":"https:\/\/api.w.org\/{rel}","templated":true}]}}