{"id":9322,"date":"2020-02-29T10:48:38","date_gmt":"2020-02-29T16:48:38","guid":{"rendered":"http:\/\/www.zonaroja.com.mx\/?p=9322"},"modified":"2020-02-29T10:48:42","modified_gmt":"2020-02-29T16:48:42","slug":"resurge-la-voz-de-los-chontales-en-tabasco-despues-de-30-anos","status":"publish","type":"post","link":"https:\/\/zonaroja.com.mx\/?p=9322","title":{"rendered":"Resurge \u201cLa Voz de los Chontales\u201d en Tabasco, despu\u00e9s de 30 a\u00f1os"},"content":{"rendered":"\n<p>Redacci\u00f3n\/Zona Roja.<\/p>\n\n\n\n<p>Nacajuca, Tabasco, 29 de febrero de\n2020.- El Presidente de M\u00e9xico, Andr\u00e9s Manuel L\u00f3pez Obrador y el director\ngeneral del Instituto Nacional de los Pueblos Ind\u00edgenas (INPI), Adelfo Regino\nMontes, encabezaron la reapertura y puesta en marcha de la estaci\u00f3n de radio XHCPBS,\n\u201cLa Voz de los Chontales\u201d, a trav\u00e9s del 98.7 de Frecuencia Modulada, que fue\ncerrada hace 30 a\u00f1os en el municipio de Nacajuca, Tabasco.<\/p>\n\n\n\n<p>A principios de la d\u00e9cada de 1980 se\ninaugur\u00f3 la estaci\u00f3n bajo el distintivo de la XENAC, en el 1440 de amplitud\nmodulada, cuando el hoy Presidente ocup\u00f3 su primer cargo p\u00fablico como director\ndel centro coordinador del entonces llamado Instituto Nacional Indigenista\n(INI), en la regi\u00f3n maya-chontal; pero la emisora fue cerrada en 1990 y\ndesmantelada por cuestiones pol\u00edticas.<\/p>\n\n\n\n<p>El Presidente y los servidores\np\u00fablicos, as\u00ed como trabajadoras y trabajadores del Sistema de Radiodifusoras\nCulturales Ind\u00edgenas (SRCI), recorrieron las renovadas instalaciones que\ncuentan con un sal\u00f3n interactivo audiovisual, oficinas, salas de juntas\ndid\u00e1cticas y galer\u00edas.<\/p>\n\n\n\n<p>Asimismo, acervo fotogr\u00e1fico, textual y\ndocumental, as\u00ed como todo lo necesario para transmitir la se\u00f1al con 3 mil watts\nde potencia a 25 kil\u00f3metros a la redonda, con programaci\u00f3n en maya-chontal,\nch\u00b4ol, ayapaneco, n\u00e1huatl, tseltal y zoque.<\/p>\n\n\n\n<p>Del mismo modo, el Presidente visit\u00f3 la cabina de transmisiones donde coment\u00f3 ante los micr\u00f3fonos la importancia de que se fortalezcan todas las culturas, porque M\u00e9xico es un mosaico cultural de lenguas, tradiciones y costumbres, por lo que debe haber mucho orgullo hacia los pueblos ind\u00edgenas que son la verdad m\u00e1s \u00edntima del pa\u00eds.<\/p>\n\n\n\n<figure class=\"wp-block-image\"><img decoding=\"async\" width=\"1024\" height=\"682\" src=\"http:\/\/www.zonaroja.com.mx\/wp-content\/uploads\/2020\/02\/La-voz-de-los-chontales-INPI-3-1024x682.jpeg\" alt=\"\" class=\"wp-image-9324\" srcset=\"https:\/\/zonaroja.com.mx\/wp-content\/uploads\/2020\/02\/La-voz-de-los-chontales-INPI-3.jpeg 1024w, https:\/\/zonaroja.com.mx\/wp-content\/uploads\/2020\/02\/La-voz-de-los-chontales-INPI-3-300x200.jpeg 300w, https:\/\/zonaroja.com.mx\/wp-content\/uploads\/2020\/02\/La-voz-de-los-chontales-INPI-3-768x512.jpeg 768w, https:\/\/zonaroja.com.mx\/wp-content\/uploads\/2020\/02\/La-voz-de-los-chontales-INPI-3-585x390.jpeg 585w, https:\/\/zonaroja.com.mx\/wp-content\/uploads\/2020\/02\/La-voz-de-los-chontales-INPI-3-263x175.jpeg 263w\" sizes=\"(max-width: 1024px) 100vw, 1024px\" \/><\/figure>\n\n\n\n<p>SE CUMPLEN DERECHOS<\/p>\n\n\n\n<p>En tanto el director del INPI, Adelfo\nRegino Montes, destac\u00f3 que con la reanudaci\u00f3n de operaciones, \u201cLa Voz de los\nChontales\u201d se suma a las 21 emisoras existentes que forman parte del Sistema de\nRadiodifusoras del INPI, las cuales transmiten en 33 lenguas ind\u00edgenas, en 17\nentidades federativas y llegan a 16.6 millones de radioescuchas diarios.<\/p>\n\n\n\n<p>\u201cCon este acto de reivindicaci\u00f3n se da\ncumplimiento a los derechos de los pueblos ind\u00edgenas para ser informados en su\npropia lengua, de hablarla y difundirla para el enriquecimiento de su identidad\ny de su cultura\u201d, manifest\u00f3.<\/p>\n\n\n\n<p>Se\u00f1al\u00f3 que las lenguas chontal y\nzoque-ayapaneco se encuentran en un proceso de extinci\u00f3n avanzado, por lo que\neste tipo de acciones permiten transmitir en lenguas y fortalecer la cultura\nentre las nuevas generaciones.<\/p>\n\n\n\n<p>Subray\u00f3 que se cumple adem\u00e1s el\ncompromiso presidencial de volver a poner dicha emisora al servicio de las\ncomunidades, por lo que agradeci\u00f3 la coordinaci\u00f3n interinstitucional y la\nvoluntad de trabajo que permiti\u00f3 la reapertura de esta radio.<\/p>\n\n\n\n<p>Durante el di\u00e1logo con los pueblos chontal, n\u00e1huatl y zoque-ayapaneco de Tabasco, habl\u00f3 sobre algunos de los planteamientos y propuestas emanados de la asamblea previa de autoridades ind\u00edgenas, que tuvo participaci\u00f3n de 209 mujeres y hombres, ante quienes refrend\u00f3 el esp\u00edritu del gobierno federal de trabajar en coordinaci\u00f3n con el estado de Tabasco y sus municipios para atender las necesidades de las comunidades.<\/p>\n\n\n\n<figure class=\"wp-block-embed-twitter wp-block-embed is-type-rich is-provider-twitter\"><div class=\"wp-block-embed__wrapper\">\n<div class=\"twitter-tweet\"><blockquote class=\"twitter-tweet\" data-lang=\"es\"><p lang=\"es\" dir=\"ltr\">\u201cLa Voz de los Chontales\u201d de Tabasco resurgi\u00f3 ayer, despu\u00e9s de 30 a\u00f1os de cerrada; a la apertura acudieron el Presidente de M\u00e9xico, <a href=\"https:\/\/twitter.com\/lopezobrador_?ref_src=twsrc%5Etfw\">@lopezobrador_<\/a> y el titular del <a href=\"https:\/\/twitter.com\/INPImx?ref_src=twsrc%5Etfw\">@INPImx<\/a>, <a href=\"https:\/\/twitter.com\/DEELAYUUK?ref_src=twsrc%5Etfw\">@DEELAYUUK<\/a>. As\u00ed reinici\u00f3: <a href=\"https:\/\/t.co\/zEM5u4xaVK\">pic.twitter.com\/zEM5u4xaVK<\/a><\/p>&mdash; Zona Roja Oaxaca (@MexRoja) <a href=\"https:\/\/twitter.com\/MexRoja\/status\/1233794848781717505?ref_src=twsrc%5Etfw\">29 de febrero de 2020<\/a><\/blockquote><\/div>\n<\/div><\/figure>\n\n\n\n<p>EMPRESAS ESTRAT\u00c9GICAS<\/p>\n\n\n\n<p>Por su parte, a nombre de las\nautoridades, la representante del pueblo n\u00e1huatl de Tabasco, Mar\u00eda Guadalupe\nIslas Morales indic\u00f3 que son muy importantes para el desarrollo del pa\u00eds\nempresas estrat\u00e9gicas como Petr\u00f3leos Mexicanos (Pemex), la Comisi\u00f3n Federal de\nElectricidad (CFE) y la Comisi\u00f3n Nacional del Agua (Conagua). Sin embargo, han\ncausado da\u00f1os, inundaciones, derrames y contaminaci\u00f3n, por lo que propuso una\nreuni\u00f3n de trabajo, con apoyo del INPI, para analizar v\u00edas de soluci\u00f3n a la\nproblem\u00e1tica.<\/p>\n\n\n\n<p>Las y los representantes ind\u00edgenas\nrealizaron un ritual de purificaci\u00f3n para seguir avanzando en el proceso de\ntransformaci\u00f3n, mientras que el coro de ni\u00f1as y ni\u00f1os de la escuela primaria\nbiling\u00fce \u201cGeneral L\u00e1zaro C\u00e1rdenas del R\u00edo\u201d de la rancher\u00eda La Loma entonaron el\nHimno Nacional en lengua chontal.<\/p>\n\n\n\n<p>Acompa\u00f1aron al presidente, el\ngobernador Ad\u00e1n Augusto L\u00f3pez Hern\u00e1ndez; el secretario de Desarrollo Agrario,\nTerritorial y Urbano, Rom\u00e1n Meyer Falc\u00f3n; y el coordinador general de\nComunicaci\u00f3n Social y vocero de la Presidencia, Jes\u00fas Ram\u00edrez Cuevas.<\/p>\n\n\n\n<p>Igualmente, la subsecretaria de\nComunicaci\u00f3n y Desarrollo Tecnol\u00f3gico de la Secretar\u00eda de Comunicaciones y\nTransportes (SCT), Salma Jalife Villal\u00f3n; el comisionado presidente del\nInstituto Federal de Telecomunicaciones (IFT), Gabriel Contreras Zald\u00edvar; la\npresidenta municipal de Nacajuca, Janicie Contreras Garc\u00eda, y la representante\ndel pueblo yokot\u00b4an, Celia Reyes P\u00e9rez.<\/p>\n\n\n\n<p>Por la ma\u00f1ana, el titular del INPI acompa\u00f1\u00f3 al presidente en el municipio de Tamult\u00e9 de Las Sabanas, donde se present\u00f3 el Programa de Mejoramiento Urbano y se dialog\u00f3 con el pueblo chontal de Tabasco; en este encuentro el representante del pueblo ind\u00edgena chontal, Emilio V\u00e1squez Garc\u00eda ley\u00f3 los acuerdos de asamblea, entre los que destaca la construcci\u00f3n de una subestaci\u00f3n de la CFE y un hospital de especialidades que atiendan las enfermedades causadas por la contaminaci\u00f3n de cuatro pozos petroleros.<\/p>\n\n\n\n<figure class=\"wp-block-image\"><img decoding=\"async\" width=\"1024\" height=\"789\" src=\"http:\/\/www.zonaroja.com.mx\/wp-content\/uploads\/2020\/02\/La-voz-de-los-chontales-INPI-2-1024x789.jpeg\" alt=\"\" class=\"wp-image-9325\" srcset=\"https:\/\/zonaroja.com.mx\/wp-content\/uploads\/2020\/02\/La-voz-de-los-chontales-INPI-2.jpeg 1024w, https:\/\/zonaroja.com.mx\/wp-content\/uploads\/2020\/02\/La-voz-de-los-chontales-INPI-2-300x231.jpeg 300w, https:\/\/zonaroja.com.mx\/wp-content\/uploads\/2020\/02\/La-voz-de-los-chontales-INPI-2-768x592.jpeg 768w, https:\/\/zonaroja.com.mx\/wp-content\/uploads\/2020\/02\/La-voz-de-los-chontales-INPI-2-585x451.jpeg 585w\" sizes=\"(max-width: 1024px) 100vw, 1024px\" \/><\/figure>\n","protected":false},"excerpt":{"rendered":"<p>Redacci\u00f3n\/Zona Roja. Nacajuca, Tabasco, 29 de febrero de 2020.- El Presidente de M\u00e9xico, Andr\u00e9s Manuel&hellip;<\/p>\n","protected":false},"author":2,"featured_media":9323,"comment_status":"closed","ping_status":"open","sticky":false,"template":"","format":"standard","meta":{"_lmt_disableupdate":"","_lmt_disable":"","_jetpack_memberships_contains_paid_content":false,"footnotes":""},"categories":[109,46],"tags":[557,1449],"class_list":["post-9322","post","type-post","status-publish","format-standard","has-post-thumbnail","hentry","category-minuto-a-minuto","category-zona-blanca","tag-adelfo-regino-montes","tag-la-voz-de-los-chontales-inpi"],"jetpack_featured_media_url":"https:\/\/zonaroja.com.mx\/wp-content\/uploads\/2020\/02\/La-voz-de-los-chontales-INPI-1.jpeg","jetpack_sharing_enabled":true,"_links":{"self":[{"href":"https:\/\/zonaroja.com.mx\/index.php?rest_route=\/wp\/v2\/posts\/9322","targetHints":{"allow":["GET"]}}],"collection":[{"href":"https:\/\/zonaroja.com.mx\/index.php?rest_route=\/wp\/v2\/posts"}],"about":[{"href":"https:\/\/zonaroja.com.mx\/index.php?rest_route=\/wp\/v2\/types\/post"}],"author":[{"embeddable":true,"href":"https:\/\/zonaroja.com.mx\/index.php?rest_route=\/wp\/v2\/users\/2"}],"replies":[{"embeddable":true,"href":"https:\/\/zonaroja.com.mx\/index.php?rest_route=%2Fwp%2Fv2%2Fcomments&post=9322"}],"version-history":[{"count":1,"href":"https:\/\/zonaroja.com.mx\/index.php?rest_route=\/wp\/v2\/posts\/9322\/revisions"}],"predecessor-version":[{"id":9326,"href":"https:\/\/zonaroja.com.mx\/index.php?rest_route=\/wp\/v2\/posts\/9322\/revisions\/9326"}],"wp:featuredmedia":[{"embeddable":true,"href":"https:\/\/zonaroja.com.mx\/index.php?rest_route=\/wp\/v2\/media\/9323"}],"wp:attachment":[{"href":"https:\/\/zonaroja.com.mx\/index.php?rest_route=%2Fwp%2Fv2%2Fmedia&parent=9322"}],"wp:term":[{"taxonomy":"category","embeddable":true,"href":"https:\/\/zonaroja.com.mx\/index.php?rest_route=%2Fwp%2Fv2%2Fcategories&post=9322"},{"taxonomy":"post_tag","embeddable":true,"href":"https:\/\/zonaroja.com.mx\/index.php?rest_route=%2Fwp%2Fv2%2Ftags&post=9322"}],"curies":[{"name":"wp","href":"https:\/\/api.w.org\/{rel}","templated":true}]}}