{"id":9327,"date":"2020-02-29T15:18:14","date_gmt":"2020-02-29T21:18:14","guid":{"rendered":"http:\/\/www.zonaroja.com.mx\/?p=9327"},"modified":"2020-02-29T15:18:18","modified_gmt":"2020-02-29T21:18:18","slug":"cuestiona-abogado-de-la-uabjo-a-la-junta-local-por-fallo-a-favor-de-la-huelga","status":"publish","type":"post","link":"https:\/\/zonaroja.com.mx\/?p=9327","title":{"rendered":"Cuestiona abogado de la UABJO a la Junta Local por fallo a favor de la huelga"},"content":{"rendered":"\n<p>Evlin Arag\u00f3n\/Zona Roja.<\/p>\n\n\n\n<p>Oaxaca de Ju\u00e1rez, Oax., 29 de febrero\nde 2020.- Tras determinar la Junta Local de Conciliaci\u00f3n y Arbitraje como\nv\u00e1lida la huelga del Sindicato de Trabajadores y Empleados, el abogado general\nde la Universidad, Jos\u00e9 Luis Nazario P\u00e9rez, calific\u00f3 la resoluci\u00f3n como\narbitraria y en contra de la educaci\u00f3n de m\u00e1s de 26 mil universitarios.<\/p>\n\n\n\n<p>Dijo que esa resoluci\u00f3n del presidente de\nla Junta, V\u00edctor Alberto Quiroz Arellanes, es preocupante, arbitraria y que\nobedece a los intereses mezquinos que pretenden desestabilizar a la m\u00e1xima casa\nde estudios desde hace d\u00e9cadas, <\/p>\n\n\n\n<p>\u201cEs inaceptable e inaudita la\nresoluci\u00f3n, es totalmente parca, no cumple con el principio de fundamentaci\u00f3n y\nmotivaci\u00f3n contenido en los art\u00edculos 14 y 16 Constitucional que obligan a toda\nautoridad a fundamentar y motivar sus resoluciones\u201d, dijo el abogado en\nentrevista radiof\u00f3nica.<\/p>\n\n\n\n<p>En este sentido, reclam\u00f3 el actuar del\npresidente de organismo, dependiente del Gobierno del Estado, ya que la huelga\nes en perjuicio de m\u00e1s 26 mil estudiantes que se encuentran en la matr\u00edcula de\neste ciclo escolar 2019-2020, que nada tienen que ver en los problemas internos\ny cuyo derecho a la educaci\u00f3n no fue tomado en cuenta por la autoridad local.<\/p>\n\n\n\n<p>As\u00ed mismo, detall\u00f3 que el funcionario\nestatal no tom\u00f3 en cuenta que el subsidio que otorga el gobierno de Oaxaca a la\nUniversidad s\u00f3lo es del 10 por ciento y que la Federaci\u00f3n y la Auditor\u00eda\nSuperior de la Federaci\u00f3n fiscalizan cada peso que se gasta en la instituci\u00f3n\neducativa y que no hay alg\u00fan tipo de excedente en estos momentos que pueda\nutilizarse para solventar las demandas laborales.<\/p>\n\n\n\n<p>\u201cHay intereses mezquinos que buscan\ndestruir una Universidad, el sindicato est\u00e1 siendo utilizado para\ndesestabilizar a la m\u00e1xima casa de estudios, y lo est\u00e1n consiguiendo ya que no\nexiste el recurso que pueda solventar las demandas de las y los trabajadores\u201d,\nexpuso.<\/p>\n\n\n\n<p>Nazario P\u00e9rez reiter\u00f3 que se trata de\nuna resoluci\u00f3n ilegal e injusta, emitida por una autoridad que pareciera ser\nque lo que tiene es una falta de independencia y autonom\u00eda y le falta\nobjetividad e imparcialidad a esa resoluci\u00f3n, raz\u00f3n por que dijo promover\u00e1n el\nJuicio de Amparo Indirecto reclamando la resoluci\u00f3n falta de fundamentaci\u00f3n y\nmotivaci\u00f3n.<\/p>\n\n\n\n<p>Este juicio aclar\u00f3, por sus\ncaracter\u00edsticas es dilatado, lo cual complicara el reinicio de las actividades\nal interior de la m\u00e1xima casa de estudios, por lo que incluso se sabe que\nalrededor de tres mil estudiantes ya se organizan para presentar amparos para\nmanifestar su inconformidad con la decisi\u00f3n arbitraria de la Junta Local que\nviolenta su derecho a la educaci\u00f3n p\u00fablica.<\/p>\n\n\n\n<p>Recientemente, la autoridad\nuniversitaria hizo p\u00fablico el Convenio Marco de Colaboraci\u00f3n para el Apoyo\nFinanciero en ejercicio fiscal 2020 por parte de la Secretar\u00eda de Educaci\u00f3n\nP\u00fablica (SEP), el Gobierno Estatal y la Universidad, en el que se evidencia la\nfalta de recursos para atender las demandas sindicales recientes.<\/p>\n\n\n\n<p>En el documento se establece la\nimposibilidad de rebasar los topes establecidos a nivel nacional, por lo que la\nUABJO est\u00e1 imposibilitada para otorgar un aumento superior al 3.4 por\nciento&nbsp; en salario y 1.8 por ciento en\nprestaciones; tampoco puede utilizar el presupuesto 2020 para otro fin que no\nsea el pago de servicios personales y gastos de operaci\u00f3n.<\/p>\n\n\n\n<p>Las demandas de la gremial incluyen un\naumento salarial del 20 por ciento, autorizaci\u00f3n de bases y jubilaciones para\nsus agremiados, el despido de trabajadores de honorarios que fueron contratados\na trav\u00e9s de otros sindicatos y la entrega de insumos y equipo e insumos para el\ndesempe\u00f1o de las labores de los trabajadores; as\u00ed como lotes de terreno para construir\nviviendas de agremiados en la ciudad de Oaxaca, Santo Domingo Tehuantepec,\nHuajuapan de Le\u00f3n y Puerto Escondido.<\/p>\n","protected":false},"excerpt":{"rendered":"<p>Evlin Arag\u00f3n\/Zona Roja. Oaxaca de Ju\u00e1rez, Oax., 29 de febrero de 2020.- Tras determinar la&hellip;<\/p>\n","protected":false},"author":2,"featured_media":9328,"comment_status":"closed","ping_status":"open","sticky":false,"template":"","format":"standard","meta":{"_lmt_disableupdate":"","_lmt_disable":"","_jetpack_memberships_contains_paid_content":false,"footnotes":""},"categories":[109,47],"tags":[1450],"class_list":["post-9327","post","type-post","status-publish","format-standard","has-post-thumbnail","hentry","category-minuto-a-minuto","category-zona-gris","tag-huelga-steuabjo"],"jetpack_featured_media_url":"https:\/\/zonaroja.com.mx\/wp-content\/uploads\/2020\/02\/abogado-Nasario-UABJO.jpg","jetpack_sharing_enabled":true,"_links":{"self":[{"href":"https:\/\/zonaroja.com.mx\/index.php?rest_route=\/wp\/v2\/posts\/9327","targetHints":{"allow":["GET"]}}],"collection":[{"href":"https:\/\/zonaroja.com.mx\/index.php?rest_route=\/wp\/v2\/posts"}],"about":[{"href":"https:\/\/zonaroja.com.mx\/index.php?rest_route=\/wp\/v2\/types\/post"}],"author":[{"embeddable":true,"href":"https:\/\/zonaroja.com.mx\/index.php?rest_route=\/wp\/v2\/users\/2"}],"replies":[{"embeddable":true,"href":"https:\/\/zonaroja.com.mx\/index.php?rest_route=%2Fwp%2Fv2%2Fcomments&post=9327"}],"version-history":[{"count":1,"href":"https:\/\/zonaroja.com.mx\/index.php?rest_route=\/wp\/v2\/posts\/9327\/revisions"}],"predecessor-version":[{"id":9332,"href":"https:\/\/zonaroja.com.mx\/index.php?rest_route=\/wp\/v2\/posts\/9327\/revisions\/9332"}],"wp:featuredmedia":[{"embeddable":true,"href":"https:\/\/zonaroja.com.mx\/index.php?rest_route=\/wp\/v2\/media\/9328"}],"wp:attachment":[{"href":"https:\/\/zonaroja.com.mx\/index.php?rest_route=%2Fwp%2Fv2%2Fmedia&parent=9327"}],"wp:term":[{"taxonomy":"category","embeddable":true,"href":"https:\/\/zonaroja.com.mx\/index.php?rest_route=%2Fwp%2Fv2%2Fcategories&post=9327"},{"taxonomy":"post_tag","embeddable":true,"href":"https:\/\/zonaroja.com.mx\/index.php?rest_route=%2Fwp%2Fv2%2Ftags&post=9327"}],"curies":[{"name":"wp","href":"https:\/\/api.w.org\/{rel}","templated":true}]}}