{"id":9330,"date":"2020-02-29T14:26:23","date_gmt":"2020-02-29T20:26:23","guid":{"rendered":"https:\/\/www.zonaroja.com.mx\/?p=9330"},"modified":"2020-02-29T14:26:26","modified_gmt":"2020-02-29T20:26:26","slug":"confirman-detencion-de-el-chepe-presunto-responsable-de-violencia-en-la-cuenca","status":"publish","type":"post","link":"https:\/\/zonaroja.com.mx\/?p=9330","title":{"rendered":"Confirman detenci\u00f3n de \u201cEl Chepe\u201d, presunto responsable de violencia en la Cuenca"},"content":{"rendered":"\n<p class=\"MsoNormal\">Redacci\u00f3n\/Zona Roja.&nbsp;<\/p>\n\n\n\n<p class=\"MsoNormal\">Oaxaca de Ju\u00e1rez, Oax., 29 de febrero de 2020.- Denominado como un \u201cobjetivo prioritario\u201d para las instituciones de seguridad p\u00fablica de Oaxaca por su probable participaci\u00f3n en gran parte de la violencia en la regi\u00f3n de la Cuenca, Jos\u00e9 H. H. alias el \u201cEl Chepe\u201d, \u201cLa Chepina\u201d o \u201cEl Bigotes\u201d, fue detenido por el delito el homicidio contra una persona en 2018.<\/p>\n\n\n\n<p class=\"MsoNormal\">As\u00ed lo confirmaron hoy en&nbsp;conferencia de prensa autoridades de la Fiscal\u00eda General del Estado y de la Secretar\u00eda de Seguridad P\u00fablica de Oaxaca, quienes resaltaron la colaboraci\u00f3n de la Guardia Nacional y del gobierno de Chiapas.&nbsp;<\/p>\n\n\n\n<p class=\"MsoNormal\">Jos\u00e9 H.H. fue aprehendido &nbsp;aproximadamente&nbsp;<a href=\"\/\/2\">a las 07:00<\/a>&nbsp;horas de ayer mientras circulaba en su veh\u00edculo sobre la carretera Palenque-Catazaj\u00e1, en la colonia El Panacal, en el municipio de Palenque, Chiapas.<\/p>\n\n\n\n<p class=\"MsoNormal\">El detenido fue trasladado v\u00eda a\u00e9rea de ese municipio a la capital del estado y puesto a disposici\u00f3n del Ministerio P\u00fablico del \u00e1rea de homicidios de alto impacto.<\/p>\n\n\n\n<p class=\"MsoNormal\">\u201dEl Chepe\u201d es considerado unos de los objetivos prioritarios para las instituciones de seguridad del estado por la violencia generado por varios a\u00f1os en San Juan Bautista Tuxtepec y Loma Bonita, principalmente, entre otros municipios de la regi\u00f3n de la Cuenca, colindante con Veracruz.<\/p>\n\n\n\n<p class=\"MsoNormal\">Sin embargo, sobre esa violencia a\u00fan no cuentan con pruebas contundentes que lo responsabilicen.&nbsp;<\/p>\n\n\n\n<p class=\"MsoNormal\">Durante la conferencia, el secretario de Seguridad P\u00fablica de Oaxaca, Ra\u00fal Ernesto Salcedo Rosales, ofreci\u00f3 &nbsp;detalles de la detenci\u00f3n; dijo que para ello fue vital el trabajo de seguimiento e inteligencia por parte de la dependencia a sus cargo y del gobierno federal.&nbsp;<\/p>\n\n\n\n<p class=\"MsoNormal\">El fiscal de Oaxaca, Rub\u00e9n Vasconcelos M\u00e9ndez, dio a conocer que este 28 de febrero se ejecut\u00f3 la orden de aprehensi\u00f3n dentro de la causa penal 218\/2020, por el delito de homicidio calificado contra J.A.C.<\/p>\n\n\n\n<p class=\"MsoNormal\">\u201cSabemos que, ahora el imputado, est\u00e1 involucrado probamente en diversos delitos en la regi\u00f3n de la Cuenca\u201d, apunt\u00f3.<\/p>\n\n\n\n<p class=\"MsoNormal\">Por lo que realizan labores de investigaci\u00f3n que nos permita obtener informaci\u00f3n certera sobre los hechos en los que particip\u00f3 para presentarla ante los jueces, agreg\u00f3.<\/p>\n\n\n\n<p class=\"MsoNormal\">Anoche se llev\u00f3 a cabo la audiencia de imputaci\u00f3n y el acusado &nbsp;decidi\u00f3 no contestar y solicit\u00f3 la ampliaci\u00f3n del plazo constitucional, motivo por el que la audiencia se reanudar\u00e1 el pr\u00f3ximo&nbsp;<a href=\"\/\/3\">4 de marzo<\/a>, donde probablemente se resuelva su situaci\u00f3n jur\u00eddica.<\/p>\n\n\n\n<p class=\"MsoNormal\"><strong>Qui\u00e9n es&nbsp;<\/strong><\/p>\n\n\n\n<p class=\"MsoNormal\">Jos\u00e9 H.H., alias \u201cEl Chepe\u201d, \u201cLa Chepina\u201d, \u201cEl bigotes\u201d o \u201cBigot\u00f3n\u201d, fue hermano de Leonardo Hern\u00e1ndez, alias \u00abEl Brujo\u00bb, quien supuestamente era otro jefe de plaza y responsable de la delincuencia organizada. A Leonardo lo asesinaron durante una pelea de gallos el municipio de Playa Vicente, Veracruz en abril de 2018.<\/p>\n","protected":false},"excerpt":{"rendered":"<p>Redacci\u00f3n\/Zona Roja.&nbsp; Oaxaca de Ju\u00e1rez, Oax., 29 de febrero de 2020.- Denominado como un \u201cobjetivo&hellip;<\/p>\n","protected":false},"author":2,"featured_media":9329,"comment_status":"closed","ping_status":"open","sticky":false,"template":"","format":"standard","meta":{"_lmt_disableupdate":"","_lmt_disable":"","_jetpack_memberships_contains_paid_content":false,"footnotes":""},"categories":[109,51],"tags":[],"class_list":["post-9330","post","type-post","status-publish","format-standard","has-post-thumbnail","hentry","category-minuto-a-minuto","category-zona-roja"],"jetpack_featured_media_url":"https:\/\/zonaroja.com.mx\/wp-content\/uploads\/2020\/02\/img_4233.jpg","jetpack_sharing_enabled":true,"_links":{"self":[{"href":"https:\/\/zonaroja.com.mx\/index.php?rest_route=\/wp\/v2\/posts\/9330","targetHints":{"allow":["GET"]}}],"collection":[{"href":"https:\/\/zonaroja.com.mx\/index.php?rest_route=\/wp\/v2\/posts"}],"about":[{"href":"https:\/\/zonaroja.com.mx\/index.php?rest_route=\/wp\/v2\/types\/post"}],"author":[{"embeddable":true,"href":"https:\/\/zonaroja.com.mx\/index.php?rest_route=\/wp\/v2\/users\/2"}],"replies":[{"embeddable":true,"href":"https:\/\/zonaroja.com.mx\/index.php?rest_route=%2Fwp%2Fv2%2Fcomments&post=9330"}],"version-history":[{"count":1,"href":"https:\/\/zonaroja.com.mx\/index.php?rest_route=\/wp\/v2\/posts\/9330\/revisions"}],"predecessor-version":[{"id":9331,"href":"https:\/\/zonaroja.com.mx\/index.php?rest_route=\/wp\/v2\/posts\/9330\/revisions\/9331"}],"wp:featuredmedia":[{"embeddable":true,"href":"https:\/\/zonaroja.com.mx\/index.php?rest_route=\/wp\/v2\/media\/9329"}],"wp:attachment":[{"href":"https:\/\/zonaroja.com.mx\/index.php?rest_route=%2Fwp%2Fv2%2Fmedia&parent=9330"}],"wp:term":[{"taxonomy":"category","embeddable":true,"href":"https:\/\/zonaroja.com.mx\/index.php?rest_route=%2Fwp%2Fv2%2Fcategories&post=9330"},{"taxonomy":"post_tag","embeddable":true,"href":"https:\/\/zonaroja.com.mx\/index.php?rest_route=%2Fwp%2Fv2%2Ftags&post=9330"}],"curies":[{"name":"wp","href":"https:\/\/api.w.org\/{rel}","templated":true}]}}