{"id":9333,"date":"2020-02-29T16:09:46","date_gmt":"2020-02-29T22:09:46","guid":{"rendered":"http:\/\/www.zonaroja.com.mx\/?p=9333"},"modified":"2020-02-29T16:09:49","modified_gmt":"2020-02-29T22:09:49","slug":"organizan-festival-a-favor-de-cientifico-oaxaqueno-detenido-en-eu","status":"publish","type":"post","link":"https:\/\/zonaroja.com.mx\/?p=9333","title":{"rendered":"Organizan festival a favor de cient\u00edfico oaxaque\u00f1o detenido en EU"},"content":{"rendered":"\n<p>Yuridiana Sosa\/Zona Roja.<\/p>\n\n\n\n<p>Oaxaca de Ju\u00e1rez, Oax., 28 de febrero\nde 2020.- Con la etiqueta \u201cSomos H\u00e9ctor Alejandro\u201d, ma\u00f1ana 1 de marzo la comunidad\nart\u00edstica y amigos del cient\u00edfico oaxaque\u00f1os H\u00e9ctor Alejandro Cabrera Fuentes\nrealizan un festival musical en su apoyo.<\/p>\n\n\n\n<p>El doctor en Bioqu\u00edmica y Microbiolog\u00eda\nfue arrestado el pasado 16 de febrero en Miami, Florida en Estados Unidos,\nacusado por el gobierno norteamericano de realizar actividades de espionaje\npara el gobierno de Rusia.<\/p>\n\n\n\n<p>La noticia de su detenci\u00f3n constern\u00f3 a\nla comunidad cient\u00edfica y a los oaxaque\u00f1os, principalmente a los habitantes de\nla regi\u00f3n del Istmo, de donde es originario, pues el nativo de El Espinal ayud\u00f3\na la comunidad afectada por el sismo del 7 de septiembre de 2017, con un\nproyecto destinado a la construcci\u00f3n de casas antis\u00edsmicas.<\/p>\n\n\n\n<p>La actividad a favor del cient\u00edfico se\nllevar\u00e1 a cabo este domingo en un restaurante en la colonia Reforma, al norte\nde la capital del estado; estar\u00e1n presentes m\u00fasicos de jazz, blues, funk, rock,\nska, entre otros g\u00e9neros. Adem\u00e1s, venta de artesan\u00edas y subasta gr\u00e1fica.<\/p>\n\n\n\n<p>El apoyo para el oaxaque\u00f1o tambi\u00e9n se\nmanifest\u00f3 a trav\u00e9s de una petici\u00f3n en la plataforma internacional Change.org en\nla piden a la Secretar\u00eda de Relaciones Exteriores de M\u00e9xico su intervenci\u00f3n\npara alcanzar la libertad del cient\u00edfico.<\/p>\n\n\n\n<p>En la demanda en l\u00ednea se se\u00f1ala que\nCabrera Fuentes es \u201cv\u00edctima de persecuci\u00f3n cient\u00edfica en Estados Unidos\u201d.<\/p>\n\n\n\n<p>\u201cCategorizamos este hecho como un acto\ndespiadado en contra de la Ciencia\u201d, cita el texto, en el que adem\u00e1s los\npeticionarios rechazan todas acusaciones contra Cabrera Fuentes.<\/p>\n\n\n\n<p>Sobre la detenci\u00f3n del oaxaque\u00f1o, el\ngobernador Alejandro Murat, quien en distintas ocasiones reconoci\u00f3 la labor\naltruista de Cabrera Fuentes y sus logros cient\u00edficos, se ha reservado el\nderecho a opinar y s\u00f3lo ha dicho que el caso lo atiende la Secretar\u00eda de\nRelaciones Exteriores.<\/p>\n\n\n\n<p>La actividad ser\u00e1 en el restaurante \u201cPalo\nMocho\u201d, ubicado en Emilio Carranza 317, colonia Reforma de la ciudad de Oaxaca,\na partir de las dos de la tarde.<\/p>\n","protected":false},"excerpt":{"rendered":"<p>Yuridiana Sosa\/Zona Roja. Oaxaca de Ju\u00e1rez, Oax., 28 de febrero de 2020.- Con la etiqueta&hellip;<\/p>\n","protected":false},"author":2,"featured_media":9334,"comment_status":"closed","ping_status":"open","sticky":false,"template":"","format":"standard","meta":{"_lmt_disableupdate":"","_lmt_disable":"","_jetpack_memberships_contains_paid_content":false,"footnotes":""},"categories":[109,46],"tags":[],"class_list":["post-9333","post","type-post","status-publish","format-standard","has-post-thumbnail","hentry","category-minuto-a-minuto","category-zona-blanca"],"jetpack_featured_media_url":"https:\/\/zonaroja.com.mx\/wp-content\/uploads\/2020\/02\/c1af34b2-b681-4653-b32e-4b73d22e42fe.jpg","jetpack_sharing_enabled":true,"_links":{"self":[{"href":"https:\/\/zonaroja.com.mx\/index.php?rest_route=\/wp\/v2\/posts\/9333","targetHints":{"allow":["GET"]}}],"collection":[{"href":"https:\/\/zonaroja.com.mx\/index.php?rest_route=\/wp\/v2\/posts"}],"about":[{"href":"https:\/\/zonaroja.com.mx\/index.php?rest_route=\/wp\/v2\/types\/post"}],"author":[{"embeddable":true,"href":"https:\/\/zonaroja.com.mx\/index.php?rest_route=\/wp\/v2\/users\/2"}],"replies":[{"embeddable":true,"href":"https:\/\/zonaroja.com.mx\/index.php?rest_route=%2Fwp%2Fv2%2Fcomments&post=9333"}],"version-history":[{"count":1,"href":"https:\/\/zonaroja.com.mx\/index.php?rest_route=\/wp\/v2\/posts\/9333\/revisions"}],"predecessor-version":[{"id":9335,"href":"https:\/\/zonaroja.com.mx\/index.php?rest_route=\/wp\/v2\/posts\/9333\/revisions\/9335"}],"wp:featuredmedia":[{"embeddable":true,"href":"https:\/\/zonaroja.com.mx\/index.php?rest_route=\/wp\/v2\/media\/9334"}],"wp:attachment":[{"href":"https:\/\/zonaroja.com.mx\/index.php?rest_route=%2Fwp%2Fv2%2Fmedia&parent=9333"}],"wp:term":[{"taxonomy":"category","embeddable":true,"href":"https:\/\/zonaroja.com.mx\/index.php?rest_route=%2Fwp%2Fv2%2Fcategories&post=9333"},{"taxonomy":"post_tag","embeddable":true,"href":"https:\/\/zonaroja.com.mx\/index.php?rest_route=%2Fwp%2Fv2%2Ftags&post=9333"}],"curies":[{"name":"wp","href":"https:\/\/api.w.org\/{rel}","templated":true}]}}