{"id":9336,"date":"2020-02-29T18:35:44","date_gmt":"2020-03-01T00:35:44","guid":{"rendered":"http:\/\/www.zonaroja.com.mx\/?p=9336"},"modified":"2020-02-29T18:37:16","modified_gmt":"2020-03-01T00:37:16","slug":"articulo-19-exige-medidas-cautelares-para-periodistas-de-oaxaca-tras-agresion","status":"publish","type":"post","link":"https:\/\/zonaroja.com.mx\/?p=9336","title":{"rendered":"Art\u00edculo 19 exige Medidas Cautelares para periodistas de Oaxaca tras agresi\u00f3n"},"content":{"rendered":"\n<p>Yuridiana Sosa\/Zona Roja.<\/p>\n\n\n\n<p>Oaxaca de Ju\u00e1rez, Oax., 29 de febrero\nde 2020.-&nbsp; La organizaci\u00f3n internacional\nArt\u00edculo 19 exigi\u00f3 al Gobierno del Estado de Oaxaca y al municipal de la\ncapital, garant\u00edas de seguridad para salvaguardar la integridad f\u00edsica de los\nreporteros.<\/p>\n\n\n\n<p>Tras la agresi\u00f3n contra 12\ncomunicadores por parte de un grupo de personas, ocurrido el pasado 19 de\nfebrero durante una protesta en el Tribunal Unitario Agrario, en la capital, la\norganizaci\u00f3n conden\u00f3 el hecho, pues se trasgredieron distintos derechos humanos\nde quienes ejercen la labor period\u00edstica.<\/p>\n\n\n\n<p>Exigi\u00f3 que el presidente municipal de\nOaxaca de Ju\u00e1rez, Oswaldo Garc\u00eda Jarqu\u00edn, garantice la integridad f\u00edsica de los\ncomunicadores, as\u00ed como el derecho a la libertad de expresi\u00f3n y el derecho a la\ninformaci\u00f3n. Adem\u00e1s, lo llam\u00f3 a condenar p\u00fablicamente la violencia en contra de\nlas y los periodistas.<\/p>\n\n\n\n<p>En cuanto a las instancias estatal,\nsolicit\u00f3 a la Defensor\u00eda de los Derechos Humanos del Pueblo de Oaxaca medidas\ncautelares y recomendaciones a las autoridades municipales del ayuntamiento de\nOaxaca de Ju\u00e1rez para garantizar el derecho a la integridad y libertad\npersonales y el derecho a la libertad de expresi\u00f3n.<\/p>\n\n\n\n<p>Exhort\u00f3 a la Unidad Especializada de Delitos contra la Libertad de Expresi\u00f3n de Oaxaca, de la Fiscal\u00eda General del Estado, a brindar continuidad a la investigaci\u00f3n de las agresiones cometidas en contra de la y los periodistas durante el ejercicio de su labor.<\/p>\n\n\n\n<p>La organizaci\u00f3n defensora demand\u00f3 la\naplicaci\u00f3n del Mecanismo de Protecci\u00f3n para Personas Defensoras de Derechos\nHumanos y Periodistas, para que entre los agredidos y las instancias\ncorrespondientes establezcan medidas de protecci\u00f3n para garantizar el derecho a\nla libertad de expresi\u00f3n y el derecho a informar libre de todo tipo de\nviolencias.<\/p>\n\n\n\n<p>Art\u00edculo 19 document\u00f3 la agresi\u00f3n\ncontra miembros de 12 medios de comunicaci\u00f3n, quienes fueron amenazados con\nobjetos punzocortantes y golpeados con tubos y cinturones mientras cubr\u00edan una\nmanifestaci\u00f3n en oficinas gubernamentales.<\/p>\n","protected":false},"excerpt":{"rendered":"<p>Yuridiana Sosa\/Zona Roja. Oaxaca de Ju\u00e1rez, Oax., 29 de febrero de 2020.-&nbsp; La organizaci\u00f3n internacional&hellip;<\/p>\n","protected":false},"author":2,"featured_media":8988,"comment_status":"closed","ping_status":"open","sticky":false,"template":"","format":"standard","meta":{"_lmt_disableupdate":"","_lmt_disable":"","_jetpack_memberships_contains_paid_content":false,"footnotes":""},"categories":[109,47],"tags":[],"class_list":["post-9336","post","type-post","status-publish","format-standard","has-post-thumbnail","hentry","category-minuto-a-minuto","category-zona-gris"],"jetpack_featured_media_url":"https:\/\/zonaroja.com.mx\/wp-content\/uploads\/2020\/02\/Agresores-periodistas.jpg","jetpack_sharing_enabled":true,"_links":{"self":[{"href":"https:\/\/zonaroja.com.mx\/index.php?rest_route=\/wp\/v2\/posts\/9336","targetHints":{"allow":["GET"]}}],"collection":[{"href":"https:\/\/zonaroja.com.mx\/index.php?rest_route=\/wp\/v2\/posts"}],"about":[{"href":"https:\/\/zonaroja.com.mx\/index.php?rest_route=\/wp\/v2\/types\/post"}],"author":[{"embeddable":true,"href":"https:\/\/zonaroja.com.mx\/index.php?rest_route=\/wp\/v2\/users\/2"}],"replies":[{"embeddable":true,"href":"https:\/\/zonaroja.com.mx\/index.php?rest_route=%2Fwp%2Fv2%2Fcomments&post=9336"}],"version-history":[{"count":2,"href":"https:\/\/zonaroja.com.mx\/index.php?rest_route=\/wp\/v2\/posts\/9336\/revisions"}],"predecessor-version":[{"id":9338,"href":"https:\/\/zonaroja.com.mx\/index.php?rest_route=\/wp\/v2\/posts\/9336\/revisions\/9338"}],"wp:featuredmedia":[{"embeddable":true,"href":"https:\/\/zonaroja.com.mx\/index.php?rest_route=\/wp\/v2\/media\/8988"}],"wp:attachment":[{"href":"https:\/\/zonaroja.com.mx\/index.php?rest_route=%2Fwp%2Fv2%2Fmedia&parent=9336"}],"wp:term":[{"taxonomy":"category","embeddable":true,"href":"https:\/\/zonaroja.com.mx\/index.php?rest_route=%2Fwp%2Fv2%2Fcategories&post=9336"},{"taxonomy":"post_tag","embeddable":true,"href":"https:\/\/zonaroja.com.mx\/index.php?rest_route=%2Fwp%2Fv2%2Ftags&post=9336"}],"curies":[{"name":"wp","href":"https:\/\/api.w.org\/{rel}","templated":true}]}}