{"id":9339,"date":"2020-02-29T19:02:05","date_gmt":"2020-03-01T01:02:05","guid":{"rendered":"http:\/\/www.zonaroja.com.mx\/?p=9339"},"modified":"2020-02-29T19:02:09","modified_gmt":"2020-03-01T01:02:09","slug":"llevan-cuatro-dias-desparecidos-dos-pescadores-en-el-mar-de-oaxaca","status":"publish","type":"post","link":"https:\/\/zonaroja.com.mx\/?p=9339","title":{"rendered":"Llevan cuatro d\u00edas desparecidos dos pescadores en el mar de Oaxaca"},"content":{"rendered":"\n<p>Yuridiana Sosa\/Zona Roja.<\/p>\n\n\n\n<p>Oaxaca de Ju\u00e1rez, Oax., 29 de febrero\nde 2020.- Dos pescadores de San Francisco del Mar, contin\u00faan desaparecidos desde\nhace cuatro d\u00edas, tras volcar las lanchas en las que salieron a trabajar el\npasado mi\u00e9rcoles, de la playa de ese municipio de la regi\u00f3n del Istmo.<\/p>\n\n\n\n<p>La Coordinaci\u00f3n Estatal de Protecci\u00f3n\nCivil de Oaxaca (CEPCO) mantiene los operativos de b\u00fasqueda para localizar a un\njoven de 16 a\u00f1os y un hombre de 43 a\u00f1os de edad.<\/p>\n\n\n\n<p>Las personas a\u00fan no localizadas volcaron\njunto con otros cuatro pescadores, repartidos en dos lanchas de fibra de\nvidrio. Los seis fueron reportados como desaparecidos la tarde del 26 de\nfebrero, cuando el Frente Fr\u00edo n\u00famero 41 impact\u00f3 esa zona de la entidad.<\/p>\n\n\n\n<p>El pasado jueves por la ma\u00f1ana, la\nCEPCO report\u00f3 de la localizaci\u00f3n con vida de cuatro de los seis pescadores.<\/p>\n\n\n\n<p>Los operativos de b\u00fasqueda se realizan\nentre la CEPCO, la Secretar\u00eda de Marina y autoridades municipales.<\/p>\n\n\n\n<p>En noviembre de 2018 se registr\u00f3 en la\nregi\u00f3n del Istmo el extrav\u00edo de 11 pescadores, quienes perdieron el curso en el\nmar por las afectaciones generadas por un sistema frontal.<\/p>\n","protected":false},"excerpt":{"rendered":"<p>Yuridiana Sosa\/Zona Roja. Oaxaca de Ju\u00e1rez, Oax., 29 de febrero de 2020.- Dos pescadores de&hellip;<\/p>\n","protected":false},"author":2,"featured_media":9340,"comment_status":"closed","ping_status":"open","sticky":false,"template":"","format":"standard","meta":{"_lmt_disableupdate":"","_lmt_disable":"","_jetpack_memberships_contains_paid_content":false,"footnotes":""},"categories":[109],"tags":[1451],"class_list":["post-9339","post","type-post","status-publish","format-standard","has-post-thumbnail","hentry","category-minuto-a-minuto","tag-naufragos-san-francisco-del-mar"],"jetpack_featured_media_url":"https:\/\/zonaroja.com.mx\/wp-content\/uploads\/2020\/02\/n\u00e1ufragos.jpg","jetpack_sharing_enabled":true,"_links":{"self":[{"href":"https:\/\/zonaroja.com.mx\/index.php?rest_route=\/wp\/v2\/posts\/9339","targetHints":{"allow":["GET"]}}],"collection":[{"href":"https:\/\/zonaroja.com.mx\/index.php?rest_route=\/wp\/v2\/posts"}],"about":[{"href":"https:\/\/zonaroja.com.mx\/index.php?rest_route=\/wp\/v2\/types\/post"}],"author":[{"embeddable":true,"href":"https:\/\/zonaroja.com.mx\/index.php?rest_route=\/wp\/v2\/users\/2"}],"replies":[{"embeddable":true,"href":"https:\/\/zonaroja.com.mx\/index.php?rest_route=%2Fwp%2Fv2%2Fcomments&post=9339"}],"version-history":[{"count":1,"href":"https:\/\/zonaroja.com.mx\/index.php?rest_route=\/wp\/v2\/posts\/9339\/revisions"}],"predecessor-version":[{"id":9341,"href":"https:\/\/zonaroja.com.mx\/index.php?rest_route=\/wp\/v2\/posts\/9339\/revisions\/9341"}],"wp:featuredmedia":[{"embeddable":true,"href":"https:\/\/zonaroja.com.mx\/index.php?rest_route=\/wp\/v2\/media\/9340"}],"wp:attachment":[{"href":"https:\/\/zonaroja.com.mx\/index.php?rest_route=%2Fwp%2Fv2%2Fmedia&parent=9339"}],"wp:term":[{"taxonomy":"category","embeddable":true,"href":"https:\/\/zonaroja.com.mx\/index.php?rest_route=%2Fwp%2Fv2%2Fcategories&post=9339"},{"taxonomy":"post_tag","embeddable":true,"href":"https:\/\/zonaroja.com.mx\/index.php?rest_route=%2Fwp%2Fv2%2Ftags&post=9339"}],"curies":[{"name":"wp","href":"https:\/\/api.w.org\/{rel}","templated":true}]}}