{"id":9350,"date":"2020-02-29T19:58:29","date_gmt":"2020-03-01T01:58:29","guid":{"rendered":"http:\/\/www.zonaroja.com.mx\/?p=9350"},"modified":"2020-02-29T20:02:21","modified_gmt":"2020-03-01T02:02:21","slug":"incesante-inseguridad-en-la-capital-de-oaxaca-alcanza-a-afamado-caricaturista","status":"publish","type":"post","link":"https:\/\/zonaroja.com.mx\/?p=9350","title":{"rendered":"Incesante inseguridad en la capital de Oaxaca alcanza a afamado caricaturista"},"content":{"rendered":"\n<p>Yuridiana Sosa\/Zona Roja.<\/p>\n\n\n\n<p>Oaxaca de Ju\u00e1rez, Oax., 29 de febrero\nde 2020.- La inseguridad en la capital oaxaque\u00f1a alcanz\u00f3 al caricaturista, varias\nveces Premio Nacional de Periodismo, Dar\u00edo Castillejo, quien fue v\u00edctima de\nrobo de sus herramientas de trabajo.<\/p>\n\n\n\n<p>La falta de vigilancia por la Polic\u00eda\nMunicipal de Oaxaca de Ju\u00e1rez se ha resentido en al norte de la ciudad,\npresumiblemente de las zonas m\u00e1s exclusivas de la ciudad, donde se ha\nestablecido plazas y restaurantes gourmets.<\/p>\n\n\n\n<p>El monero oaxaque\u00f1o denunci\u00f3 el robo en\nsu autom\u00f3vil a trav\u00e9s de su perfil de Facebook, en el que tambi\u00e9n alert\u00f3 a la\ncomunidad art\u00edstica sobre la posible venta de su material robado.<\/p>\n\n\n\n<p>\u201cEl d\u00eda de ayer me toc\u00f3 ser v\u00edctima de\nuno de nuestros tradicionales males y arraigados vicios sociales, el robo de mi\nequipo de trabajo por los rumbos de la colonia Reforma\u201d, expres\u00f3 el\ncaricaturista nacional.<\/p>\n\n\n\n<p>Dar\u00edo Castillejo, precis\u00f3 que los\ndelincuentes sustrajeron su mochila, en la que entre otras conten\u00eda su\ncomputadora personal MacBook Air y sus instrumentos para grabado, como son\ngubias y plumillas.<\/p>\n\n\n\n<p>\u201cSirva este mensaje para, en lo\nposible, alertar a los colegas grabadores para que en caso de que llegue\nalguien a ofrecer este tipo de material a sus talleres, sepan que muy\nprobablemente sea el de su servidor\u201d, escribi\u00f3 en su muro.<\/p>\n\n\n\n<p>El premio Nacional de Periodismo 2012,\n2014 y 2015 dijo que \u201cante la situaci\u00f3n actual de inseguridad, quiz\u00e1 una de las\nmejores medidas ser\u00e1 siempre la precauci\u00f3n y el apoyo entre nosotros\u201d.<\/p>\n\n\n\n<p>Los capitalinos han resentido en los\n\u00faltimos meses la escasa seguridad, incluso, los abusos por parte de los\nelementos municipales.<\/p>\n","protected":false},"excerpt":{"rendered":"<p>Yuridiana Sosa\/Zona Roja. Oaxaca de Ju\u00e1rez, Oax., 29 de febrero de 2020.- La inseguridad en&hellip;<\/p>\n","protected":false},"author":2,"featured_media":9351,"comment_status":"closed","ping_status":"open","sticky":false,"template":"","format":"standard","meta":{"_lmt_disableupdate":"","_lmt_disable":"","_jetpack_memberships_contains_paid_content":false,"footnotes":""},"categories":[109,47],"tags":[1454],"class_list":["post-9350","post","type-post","status-publish","format-standard","has-post-thumbnail","hentry","category-minuto-a-minuto","category-zona-gris","tag-robo-a-caricaturista-dario-castillejos"],"jetpack_featured_media_url":"https:\/\/zonaroja.com.mx\/wp-content\/uploads\/2020\/02\/Dar\u00edo-Castillejos.jpg","jetpack_sharing_enabled":true,"_links":{"self":[{"href":"https:\/\/zonaroja.com.mx\/index.php?rest_route=\/wp\/v2\/posts\/9350","targetHints":{"allow":["GET"]}}],"collection":[{"href":"https:\/\/zonaroja.com.mx\/index.php?rest_route=\/wp\/v2\/posts"}],"about":[{"href":"https:\/\/zonaroja.com.mx\/index.php?rest_route=\/wp\/v2\/types\/post"}],"author":[{"embeddable":true,"href":"https:\/\/zonaroja.com.mx\/index.php?rest_route=\/wp\/v2\/users\/2"}],"replies":[{"embeddable":true,"href":"https:\/\/zonaroja.com.mx\/index.php?rest_route=%2Fwp%2Fv2%2Fcomments&post=9350"}],"version-history":[{"count":1,"href":"https:\/\/zonaroja.com.mx\/index.php?rest_route=\/wp\/v2\/posts\/9350\/revisions"}],"predecessor-version":[{"id":9352,"href":"https:\/\/zonaroja.com.mx\/index.php?rest_route=\/wp\/v2\/posts\/9350\/revisions\/9352"}],"wp:featuredmedia":[{"embeddable":true,"href":"https:\/\/zonaroja.com.mx\/index.php?rest_route=\/wp\/v2\/media\/9351"}],"wp:attachment":[{"href":"https:\/\/zonaroja.com.mx\/index.php?rest_route=%2Fwp%2Fv2%2Fmedia&parent=9350"}],"wp:term":[{"taxonomy":"category","embeddable":true,"href":"https:\/\/zonaroja.com.mx\/index.php?rest_route=%2Fwp%2Fv2%2Fcategories&post=9350"},{"taxonomy":"post_tag","embeddable":true,"href":"https:\/\/zonaroja.com.mx\/index.php?rest_route=%2Fwp%2Fv2%2Ftags&post=9350"}],"curies":[{"name":"wp","href":"https:\/\/api.w.org\/{rel}","templated":true}]}}