{"id":9354,"date":"2020-02-29T20:20:37","date_gmt":"2020-03-01T02:20:37","guid":{"rendered":"http:\/\/www.zonaroja.com.mx\/?p=9354"},"modified":"2020-02-29T20:23:34","modified_gmt":"2020-03-01T02:23:34","slug":"policia-de-veracruz-abate-a-probable-autor-del-crimen-de-ex-edil-heriberto-ramirez","status":"publish","type":"post","link":"https:\/\/zonaroja.com.mx\/?p=9354","title":{"rendered":"Polic\u00eda de Veracruz abate a probable autor del crimen de ex edil Heriberto Ram\u00edrez"},"content":{"rendered":"\n<p>Redacci\u00f3n\/Zona Roja.<\/p>\n\n\n\n<p>Oaxaca de Ju\u00e1rez, Oax., 29 de febrero\nde 2020.- En el municipio de Playa Vicente, la Fuerza Civil de Veracruz abati\u00f3\nesta tarde a Reynaldo N. alias \u201cEl Pel\u00f3n\u201d y\/o \u201cEl Quemado\u201d, presunto l\u00edder de\nplaza de un grupo delincuencial en la Cuenca.<\/p>\n\n\n\n<p>De acuerdo con fuentes de seguridad\np\u00fablica de esa entidad y de Oaxaca, el sujeto es el principal sospechoso de\nhaber cometido el asesinato de Heriberto Beto Ram\u00edrez Mart\u00ednez, ex edil y ex diputado\nde San Miguel Soyaltepec.<\/p>\n\n\n\n<p>De acuerdo con reportes, la muerte del\n\u00abEl Pel\u00f3n\u00bb, ocurri\u00f3 durante un operativo en Playa Vicente y\nalrededores, llegando incluso a la zona lim\u00edtrofe con Oaxaca, en donde la\npolic\u00eda de esa entidad, tambi\u00e9n mont\u00f3 un dispositivo de colaboraci\u00f3n.<\/p>\n\n\n\n<p>\u201cLa acci\u00f3n y el abatimiento del l\u00edder\ncriminal, as\u00ed como la aprensi\u00f3n el d\u00eda de ayer de otro peligroso criminal, son\nel resultado de las acciones conjuntas que desde hace semanas han venido\nrealizando las fuerzas de seguridad p\u00fablica de Veracruz y Oaxaca, en la zona de\nlos l\u00edmites de ambas entidades\u201d, difundieron autoridades veracruzanas.<\/p>\n\n\n\n<p>Expusieron que con este tipo de\noperativos de seguridad se comienza a palpar en la zona la colaboraci\u00f3n de las\nfuerzas del orden de Veracruz y Oaxaca con la Guardia Nacional.<\/p>\n","protected":false},"excerpt":{"rendered":"<p>Redacci\u00f3n\/Zona Roja. Oaxaca de Ju\u00e1rez, Oax., 29 de febrero de 2020.- En el municipio de&hellip;<\/p>\n","protected":false},"author":2,"featured_media":9355,"comment_status":"closed","ping_status":"open","sticky":false,"template":"","format":"standard","meta":{"_lmt_disableupdate":"","_lmt_disable":"","_jetpack_memberships_contains_paid_content":false,"footnotes":""},"categories":[109,51],"tags":[1455],"class_list":["post-9354","post","type-post","status-publish","format-standard","has-post-thumbnail","hentry","category-minuto-a-minuto","category-zona-roja","tag-abaten-a-el-pelon-en-playa-vicente"],"jetpack_featured_media_url":"https:\/\/zonaroja.com.mx\/wp-content\/uploads\/2020\/02\/PHOTO-2020-02-29-18-34-48-1.jpg","jetpack_sharing_enabled":true,"_links":{"self":[{"href":"https:\/\/zonaroja.com.mx\/index.php?rest_route=\/wp\/v2\/posts\/9354","targetHints":{"allow":["GET"]}}],"collection":[{"href":"https:\/\/zonaroja.com.mx\/index.php?rest_route=\/wp\/v2\/posts"}],"about":[{"href":"https:\/\/zonaroja.com.mx\/index.php?rest_route=\/wp\/v2\/types\/post"}],"author":[{"embeddable":true,"href":"https:\/\/zonaroja.com.mx\/index.php?rest_route=\/wp\/v2\/users\/2"}],"replies":[{"embeddable":true,"href":"https:\/\/zonaroja.com.mx\/index.php?rest_route=%2Fwp%2Fv2%2Fcomments&post=9354"}],"version-history":[{"count":1,"href":"https:\/\/zonaroja.com.mx\/index.php?rest_route=\/wp\/v2\/posts\/9354\/revisions"}],"predecessor-version":[{"id":9356,"href":"https:\/\/zonaroja.com.mx\/index.php?rest_route=\/wp\/v2\/posts\/9354\/revisions\/9356"}],"wp:featuredmedia":[{"embeddable":true,"href":"https:\/\/zonaroja.com.mx\/index.php?rest_route=\/wp\/v2\/media\/9355"}],"wp:attachment":[{"href":"https:\/\/zonaroja.com.mx\/index.php?rest_route=%2Fwp%2Fv2%2Fmedia&parent=9354"}],"wp:term":[{"taxonomy":"category","embeddable":true,"href":"https:\/\/zonaroja.com.mx\/index.php?rest_route=%2Fwp%2Fv2%2Fcategories&post=9354"},{"taxonomy":"post_tag","embeddable":true,"href":"https:\/\/zonaroja.com.mx\/index.php?rest_route=%2Fwp%2Fv2%2Ftags&post=9354"}],"curies":[{"name":"wp","href":"https:\/\/api.w.org\/{rel}","templated":true}]}}