{"id":9358,"date":"2020-03-01T07:58:11","date_gmt":"2020-03-01T13:58:11","guid":{"rendered":"http:\/\/www.zonaroja.com.mx\/?p=9358"},"modified":"2020-03-01T07:58:14","modified_gmt":"2020-03-01T13:58:14","slug":"ultimo-dia-de-febrero-dejo-en-oaxaca-3-asesinados-y-un-herido","status":"publish","type":"post","link":"https:\/\/zonaroja.com.mx\/?p=9358","title":{"rendered":"\u00daltimo d\u00eda de febrero dej\u00f3 en Oaxaca 3 asesinados y un herido"},"content":{"rendered":"\n<p>Redacci\u00f3n\/Zona Roja.<\/p>\n\n\n\n<p>Oaxaca de Ju\u00e1rez, Oax., 1 de marzo de\n2020.- Tres personas muertas y una lesionada por disparos de arma de fuego,\ndej\u00f3 el \u00faltimo d\u00eda de febrero en Oaxaca, en hechos ocurridos en las regiones\nCosta, Istmo de Tehuantepec y Sierra Sur<\/p>\n\n\n\n<p>En la comunidad istme\u00f1a de Santo Domingo\nPetapa, sujetos armados ingresaron ayer por la tarde a un domicilio de la calle\nGeneral Charis Castro, en la Tercera Secci\u00f3n, y dieron muerte a \u00d3scar N., alias\n\u201cEl Jimy\u201d.<\/p>\n\n\n\n<p>Un individuo m\u00e1s result\u00f3 lesionado,\nquien no ha sido identificado hasta el momento; a\u00fan se desconoce tambi\u00e9n los\nmotivos de la agresi\u00f3n armada y no hay personas detenidas.<\/p>\n\n\n\n<p>En la comunidad coste\u00f1a de R\u00edo Grande,\nde la Villa de Tututepec, un hombre fue torturado, asesinado y despu\u00e9s colgado\nen un \u00e1rbol, con un supuesto \u201cnarcomensaje\u201d.<\/p>\n\n\n\n<p>El cuerpo fue descubierto durante la\nma\u00f1ana de este s\u00e1bado en la cancha del barrio De la Cruz y el cuerpo adem\u00e1s\nten\u00eda una bolsa en la cabeza; de manera preliminar fue identificado como\nErnesto D. L., de 47 a\u00f1os de edad.<\/p>\n\n\n\n<p>Mientras que tambi\u00e9n ayer se confirm\u00f3 el\nasesinato de un individuo en el camino a la comunidad de Sitio de Xitlapehua,\nMiahuatl\u00e1n; en ese sitio fue hallado junto a una bicicleta el cuerpo, con\ndisparos de arma de fuego, cuya identidad preliminar es de Gil R., quien tuvo\nsu domicilio en el pueblo de Cerro Gordo.<\/p>\n","protected":false},"excerpt":{"rendered":"<p>Redacci\u00f3n\/Zona Roja. Oaxaca de Ju\u00e1rez, Oax., 1 de marzo de 2020.- Tres personas muertas y&hellip;<\/p>\n","protected":false},"author":2,"featured_media":9359,"comment_status":"closed","ping_status":"open","sticky":false,"template":"","format":"standard","meta":{"_lmt_disableupdate":"","_lmt_disable":"","_jetpack_memberships_contains_paid_content":false,"footnotes":""},"categories":[109,51],"tags":[211],"class_list":["post-9358","post","type-post","status-publish","format-standard","has-post-thumbnail","hentry","category-minuto-a-minuto","category-zona-roja","tag-santa-maria-petapa"],"jetpack_featured_media_url":"https:\/\/zonaroja.com.mx\/wp-content\/uploads\/2020\/03\/ASesinado-R\u00edo-Grande.jpg","jetpack_sharing_enabled":true,"_links":{"self":[{"href":"https:\/\/zonaroja.com.mx\/index.php?rest_route=\/wp\/v2\/posts\/9358","targetHints":{"allow":["GET"]}}],"collection":[{"href":"https:\/\/zonaroja.com.mx\/index.php?rest_route=\/wp\/v2\/posts"}],"about":[{"href":"https:\/\/zonaroja.com.mx\/index.php?rest_route=\/wp\/v2\/types\/post"}],"author":[{"embeddable":true,"href":"https:\/\/zonaroja.com.mx\/index.php?rest_route=\/wp\/v2\/users\/2"}],"replies":[{"embeddable":true,"href":"https:\/\/zonaroja.com.mx\/index.php?rest_route=%2Fwp%2Fv2%2Fcomments&post=9358"}],"version-history":[{"count":1,"href":"https:\/\/zonaroja.com.mx\/index.php?rest_route=\/wp\/v2\/posts\/9358\/revisions"}],"predecessor-version":[{"id":9360,"href":"https:\/\/zonaroja.com.mx\/index.php?rest_route=\/wp\/v2\/posts\/9358\/revisions\/9360"}],"wp:featuredmedia":[{"embeddable":true,"href":"https:\/\/zonaroja.com.mx\/index.php?rest_route=\/wp\/v2\/media\/9359"}],"wp:attachment":[{"href":"https:\/\/zonaroja.com.mx\/index.php?rest_route=%2Fwp%2Fv2%2Fmedia&parent=9358"}],"wp:term":[{"taxonomy":"category","embeddable":true,"href":"https:\/\/zonaroja.com.mx\/index.php?rest_route=%2Fwp%2Fv2%2Fcategories&post=9358"},{"taxonomy":"post_tag","embeddable":true,"href":"https:\/\/zonaroja.com.mx\/index.php?rest_route=%2Fwp%2Fv2%2Ftags&post=9358"}],"curies":[{"name":"wp","href":"https:\/\/api.w.org\/{rel}","templated":true}]}}