{"id":9361,"date":"2020-03-01T08:03:49","date_gmt":"2020-03-01T14:03:49","guid":{"rendered":"http:\/\/www.zonaroja.com.mx\/?p=9361"},"modified":"2020-03-01T08:04:04","modified_gmt":"2020-03-01T14:04:04","slug":"ahora-trump-quiere-cerrar-fronteras-con-mexico-por-coronavirus","status":"publish","type":"post","link":"https:\/\/zonaroja.com.mx\/?p=9361","title":{"rendered":"Ahora Trump quiere cerrar fronteras con M\u00e9xico por coronavirus"},"content":{"rendered":"\n<p>Redacci\u00f3n\/Zona Roja Cdmx.<\/p>\n\n\n\n<p>Ciudad de M\u00e9xico, 1 de marzo de 2020.- El\npresidente de los Estados Unidos de Norteam\u00e9rica, Donald Trump, ahora quiere\ncerrar la frontera con M\u00e9xico para controlar la propagaci\u00f3n del coronavirus.<\/p>\n\n\n\n<p>En tanto, la Secretar\u00eda de Relaciones\nExteriores (SRE) indic\u00f3 que no ha recibido ning\u00fan planteamiento oficial sobre\nlas posibles restricciones en la franja lim\u00edtrofe con aquella naci\u00f3n.<\/p>\n\n\n\n<p>Hasta ayer, se tienen registrados cuatro\ncasos de infectados en M\u00e9xico (uno en Coahuila, uno en Sinaloa y dos en la\nCiudad de M\u00e9xico) y 22 pacientes en Estados Unidos, seg\u00fan cifras actualizadas\ndel Centro para el Control y la Prevenci\u00f3n de Enfermedades (CDC, por sus siglas\nen ingl\u00e9s).<\/p>\n\n\n\n<p>Al participar en una conferencia de\nprensa en la que anunci\u00f3 restricciones a las personas que han visitado Ir\u00e1n y\nen la que recomend\u00f3 no viajar a pa\u00edses como Italia y Corea del Sur, Trump se\u00f1al\u00f3\nque no descarta un posible cierre de su frontera sur, luego de que se\nconfirmara un caso de coronavirus en el estado de Coahuila, colindante con la\nentidad estadunidense de Texas.<\/p>\n\n\n\n<p>\u201cS\u00ed estamos pensando en la frontera sur\u201d,\nexpres\u00f3 Trump, aunque unos minutos despu\u00e9s le rest\u00f3 importancia a unas posibles\nrestricciones de paso espec\u00edfico con M\u00e9xico.<\/p>\n\n\n\n<p>\u201cEstamos pensando en todas las fronteras\u201d,\nsostuvo. \u201cTenemos que pensar en esa zona (con M\u00e9xico), pero&#8230; no parece ser un\ngran problema en este momento. Esperamos no tener que hacerlo\u201d.<\/p>\n\n\n\n<p>SIN AVISO<\/p>\n\n\n\n<p>Por su parte, la SRE inform\u00f3 que el\ngobierno de M\u00e9xico no ha recibido ning\u00fan planteamiento oficial sobre las\nposibles restricciones extraordinarias de tr\u00e1nsito hacia Estados Unidos.<\/p>\n\n\n\n<p>La oficina a cargo del canciller Marcelo\nEbrard asegur\u00f3 que ambos gobiernos han mantenido una estrecha y eficaz\ncomunicaci\u00f3n, especialmente con autoridades de salud.<\/p>\n\n\n\n<p>La canciller\u00eda indic\u00f3 que la Secretar\u00eda\nde Salud implementa medidas de mitigaci\u00f3n, acorde a las recomendadas por la\nOrganizaci\u00f3n Mundial de la Salud (OMS); y similares a las de pa\u00edses como Canad\u00e1\ny Reino Unido, manteni\u00e9ndose alerta en los puntos de entrada al pa\u00eds con el fin\nde informar y atender a personas que manifiesten s\u00edntomas relacionados a\nCovid-19 y procedan de naciones con transmisi\u00f3n local comunitaria de esta\nreciente enfermedad.<\/p>\n","protected":false},"excerpt":{"rendered":"<p>Redacci\u00f3n\/Zona Roja Cdmx. Ciudad de M\u00e9xico, 1 de marzo de 2020.- El presidente de los&hellip;<\/p>\n","protected":false},"author":2,"featured_media":9363,"comment_status":"closed","ping_status":"open","sticky":false,"template":"","format":"standard","meta":{"_lmt_disableupdate":"","_lmt_disable":"","_jetpack_memberships_contains_paid_content":false,"footnotes":""},"categories":[109,47],"tags":[1456],"class_list":["post-9361","post","type-post","status-publish","format-standard","has-post-thumbnail","hentry","category-minuto-a-minuto","category-zona-gris","tag-trump-coronavirus-frontera-mexico"],"jetpack_featured_media_url":"https:\/\/zonaroja.com.mx\/wp-content\/uploads\/2020\/03\/Frontera-M\u00e9xico-EU.jpg","jetpack_sharing_enabled":true,"_links":{"self":[{"href":"https:\/\/zonaroja.com.mx\/index.php?rest_route=\/wp\/v2\/posts\/9361","targetHints":{"allow":["GET"]}}],"collection":[{"href":"https:\/\/zonaroja.com.mx\/index.php?rest_route=\/wp\/v2\/posts"}],"about":[{"href":"https:\/\/zonaroja.com.mx\/index.php?rest_route=\/wp\/v2\/types\/post"}],"author":[{"embeddable":true,"href":"https:\/\/zonaroja.com.mx\/index.php?rest_route=\/wp\/v2\/users\/2"}],"replies":[{"embeddable":true,"href":"https:\/\/zonaroja.com.mx\/index.php?rest_route=%2Fwp%2Fv2%2Fcomments&post=9361"}],"version-history":[{"count":1,"href":"https:\/\/zonaroja.com.mx\/index.php?rest_route=\/wp\/v2\/posts\/9361\/revisions"}],"predecessor-version":[{"id":9364,"href":"https:\/\/zonaroja.com.mx\/index.php?rest_route=\/wp\/v2\/posts\/9361\/revisions\/9364"}],"wp:featuredmedia":[{"embeddable":true,"href":"https:\/\/zonaroja.com.mx\/index.php?rest_route=\/wp\/v2\/media\/9363"}],"wp:attachment":[{"href":"https:\/\/zonaroja.com.mx\/index.php?rest_route=%2Fwp%2Fv2%2Fmedia&parent=9361"}],"wp:term":[{"taxonomy":"category","embeddable":true,"href":"https:\/\/zonaroja.com.mx\/index.php?rest_route=%2Fwp%2Fv2%2Fcategories&post=9361"},{"taxonomy":"post_tag","embeddable":true,"href":"https:\/\/zonaroja.com.mx\/index.php?rest_route=%2Fwp%2Fv2%2Ftags&post=9361"}],"curies":[{"name":"wp","href":"https:\/\/api.w.org\/{rel}","templated":true}]}}