{"id":9365,"date":"2020-03-01T08:10:42","date_gmt":"2020-03-01T14:10:42","guid":{"rendered":"http:\/\/www.zonaroja.com.mx\/?p=9365"},"modified":"2020-03-01T08:20:54","modified_gmt":"2020-03-01T14:20:54","slug":"el-8-de-marzo-las-calles-de-oaxaca-seran-de-las-mujeres","status":"publish","type":"post","link":"https:\/\/zonaroja.com.mx\/?p=9365","title":{"rendered":"El 8 de marzo las calles de Oaxaca ser\u00e1n de las mujeres"},"content":{"rendered":"\n<p>Evlin Arag\u00f3n\/Zona Roja.<\/p>\n\n\n\n<p>Oaxaca de Ju\u00e1rez, Oax., 1 de marzo de\n2020.- Diversos colectivos feministas de la capital oaxaque\u00f1a protestar\u00e1n el\ndomingo 8 de marzo en el marco del D\u00eda Internacional de la Mujer, actividad que\nse replicar\u00e1 en la mayor parte de los estados de Rep\u00fablica.<\/p>\n\n\n\n<p>Se trata de una acci\u00f3n global para\nexigir un alto a la violencia de g\u00e9nero y feminicida en el pa\u00eds, demanda que en\nlos \u00faltimos meses ha viralizado el movimiento feminista en los medios de\ncomunicaci\u00f3n y redes sociales, ante el aumento desmedido de feminicidios que\nincrementaron tambi\u00e9n la sa\u00f1a con la que los hombres asesinan a las mujeres.<\/p>\n\n\n\n<p>\u201cEs por ti Mar\u00eda del Sol, es por ti\nMar\u00eda Elena, es por ti Dafne,&nbsp; es por ti\nLeslie Wilson, es por ti F\u00e1tima, es por ti Ingrid, es por ti Valeria, es por ti\nJosselynne, es por ti Maricarmen, es por ti Marychuy, es por ti Isabel, es por\nti Guadalupe, es por ti Lesvy, y es por todas nuestras hermanas a las que nadie\nnombra\u201d, refieren como parte de la convocatoria.<\/p>\n\n\n\n<p>Marea Verde Oaxaca, uno de los\ncolectivos convocantes, llam\u00f3 a las mujeres a participar en la marcha que\ntendr\u00e1 como punto de reuni\u00f3n la entrada principal del Pante\u00f3n General, a partir\nde las 15:00 horas con la intenci\u00f3n de manifestar su absoluto rechazo a la\nviolencia que viven las mujeres en el estado y pa\u00eds denominada feminicida.<\/p>\n\n\n\n<p>\u201cEste #8M \u00a1Todas a las calles! Nos vemos\nel domingo 8 de marzo a las 15:00 horas en la entrada principal del Pante\u00f3n\nGeneral. Lleva pancartas, cacerolas y tu digna rabia\u201d, refieren.<\/p>\n\n\n\n<p>CIFRAS ALARMANTES<\/p>\n\n\n\n<p>Tan s\u00f3lo en Oaxaca la cifra de\nfeminicidios supera los 400 casos durante la administraci\u00f3n de Alejandro Murat\nHinojosa, misma que cuenta con la declaratoria de Alerta de Violencia de G\u00e9nero\nen 40 de sus 570 municipios, la cual obliga a las autoridades a aplicar\nacciones urgentes para atender la problem\u00e1tica, mismas que hasta el momento no\nhan dado resultados sarisfactorios.<\/p>\n\n\n\n<p>La protesta en Oaxaca incluir\u00e1 una\nofrenda para las mujeres que han sido asesinadas a manos de sus parejas sentimentales\no de sujetos desconocidos que en la mayor\u00eda de los casos no han sido detenidos\npor las autoridades estatales, en medio de una impunidad que evidencia la\npermisibilidad de la violencia feminicida en el estado, por lo que se piden\nllevar flores, veladoras y cruces rosas. \u201c\u00a1No las olvidaremos nunca ni\ndejaremos de exigir justicia!\u201d.<\/p>\n\n\n\n<p>As\u00ed mismo, realizar\u00e1n un tendedero de\ndenuncias por lo que se pide a las mujeres llevar por escrito su denuncia, as\u00ed\ncomo la foto de sus acosadores y agresores quienes ser\u00e1n expuestos durante la\nmanifestaci\u00f3n y a trav\u00e9s de las redes sociales, ello ante la falta de justicia\nen Oaxaca y como parte de la consigna que han posicionado desde hace algunos\nmeses. \u201c\u00a1No tendr\u00e1n nunca m\u00e1s la comodidad de nuestro silencio, porque si no hay\njusticia, hay escrache!\u201d.<\/p>\n\n\n\n<p>Finalmente cerraron con una de las\nfrases que se ha hecho viral recientemente, enunciada por Yesenia Zamudio,\nmadre de una joven asesinada por la violencia feminicida que impera en el pa\u00eds.\n\u201cLa que quiera quemar que queme, la que quiera romper que rompa y la que no,\n\u00a1que no nos estorbe!\u00bb.<\/p>\n\n\n\n<p>Tan s\u00f3lo en el primer d\u00eda de su\npublicaci\u00f3n, la convocatoria fue compartida 150 veces en la p\u00e1gina de Marea\nVerde Oaxaca, 119 en la de Feministas al aire radio y unas 20 m\u00e1s en la\nFilmufe, con lo que se prev\u00e9 una participaci\u00f3n importante en la movilizaci\u00f3n.<\/p>\n\n\n\n<p>Las marchas y movilizaciones del 8 de\nmarzo se replicar\u00e1n en la mayor parte de los estados de la Rep\u00fablica con la\nintenci\u00f3n generalizada de mostrar la alta incidencia de feminicidios y la\nexigencia de un alto a la violencia feminicida que ha registrado los m\u00e1s altos\nniveles de sa\u00f1a con los casos recientes de Ingrid Escamilla, la ni\u00f1a F\u00e1tima\nCecilia y recientemente Marbella Valdez.<\/p>\n","protected":false},"excerpt":{"rendered":"<p>Evlin Arag\u00f3n\/Zona Roja. Oaxaca de Ju\u00e1rez, Oax., 1 de marzo de 2020.- Diversos colectivos feministas&hellip;<\/p>\n","protected":false},"author":2,"featured_media":9366,"comment_status":"closed","ping_status":"open","sticky":false,"template":"","format":"standard","meta":{"_lmt_disableupdate":"","_lmt_disable":"","_jetpack_memberships_contains_paid_content":false,"footnotes":""},"categories":[109,51],"tags":[1457],"class_list":["post-9365","post","type-post","status-publish","format-standard","has-post-thumbnail","hentry","category-minuto-a-minuto","category-zona-roja","tag-marcha-dia-internacional-de-la-mujer"],"jetpack_featured_media_url":"https:\/\/zonaroja.com.mx\/wp-content\/uploads\/2020\/03\/marcha-mujeres.jpg","jetpack_sharing_enabled":true,"_links":{"self":[{"href":"https:\/\/zonaroja.com.mx\/index.php?rest_route=\/wp\/v2\/posts\/9365","targetHints":{"allow":["GET"]}}],"collection":[{"href":"https:\/\/zonaroja.com.mx\/index.php?rest_route=\/wp\/v2\/posts"}],"about":[{"href":"https:\/\/zonaroja.com.mx\/index.php?rest_route=\/wp\/v2\/types\/post"}],"author":[{"embeddable":true,"href":"https:\/\/zonaroja.com.mx\/index.php?rest_route=\/wp\/v2\/users\/2"}],"replies":[{"embeddable":true,"href":"https:\/\/zonaroja.com.mx\/index.php?rest_route=%2Fwp%2Fv2%2Fcomments&post=9365"}],"version-history":[{"count":1,"href":"https:\/\/zonaroja.com.mx\/index.php?rest_route=\/wp\/v2\/posts\/9365\/revisions"}],"predecessor-version":[{"id":9367,"href":"https:\/\/zonaroja.com.mx\/index.php?rest_route=\/wp\/v2\/posts\/9365\/revisions\/9367"}],"wp:featuredmedia":[{"embeddable":true,"href":"https:\/\/zonaroja.com.mx\/index.php?rest_route=\/wp\/v2\/media\/9366"}],"wp:attachment":[{"href":"https:\/\/zonaroja.com.mx\/index.php?rest_route=%2Fwp%2Fv2%2Fmedia&parent=9365"}],"wp:term":[{"taxonomy":"category","embeddable":true,"href":"https:\/\/zonaroja.com.mx\/index.php?rest_route=%2Fwp%2Fv2%2Fcategories&post=9365"},{"taxonomy":"post_tag","embeddable":true,"href":"https:\/\/zonaroja.com.mx\/index.php?rest_route=%2Fwp%2Fv2%2Ftags&post=9365"}],"curies":[{"name":"wp","href":"https:\/\/api.w.org\/{rel}","templated":true}]}}