{"id":9369,"date":"2020-03-01T08:22:35","date_gmt":"2020-03-01T14:22:35","guid":{"rendered":"http:\/\/www.zonaroja.com.mx\/?p=9369"},"modified":"2020-03-01T08:26:01","modified_gmt":"2020-03-01T14:26:01","slug":"eu-niega-visa-a-ninos-oaxaquenos-ganadores-de-concurso-de-cuento","status":"publish","type":"post","link":"https:\/\/zonaroja.com.mx\/?p=9369","title":{"rendered":"EU niega visa a ni\u00f1os oaxaque\u00f1os ganadores de concurso de cuento"},"content":{"rendered":"\n<p>Redacci\u00f3n\/Zona Roja Cdmx.<\/p>\n\n\n\n<p>Ciudad de M\u00e9xico, 1 de marzo de 2020.- Originarios\nde la comunidad de San Sebasti\u00e1n Teitipac, en Tlacolula, Oaxaca, donde los\nabuelos a\u00fan son hablantes de la lengua zapoteca, los colibritos, alumnos de la\nprimaria Uni\u00f3n y Progreso han hecho de la escritura el veh\u00edculo de la\nimaginaci\u00f3n y de la recuperaci\u00f3n de las tradiciones ancestrales de su pueblo.<\/p>\n\n\n\n<p>Seg\u00fan una nota del diario \u201cLa Jornada\u201d,\nimpulsado por el maestro Ignacio Morales S\u00e1nchez, el programa de lectura \u201cLos\ncolibritos\u201d ha cosechado destacados premios, ha sido un descubrimiento de la\nlectura como territorio de los sue\u00f1os, del conocimiento y la creaci\u00f3n, afirm\u00f3\nel docente, quien acompa\u00f1\u00f3 al grupo de ni\u00f1os ganadores en una visita a la\nCiudad de M\u00e9xico.<\/p>\n\n\n\n<p>Denunci\u00f3 que pese a que entre los ni\u00f1os\noaxaque\u00f1os se encuentran los ganadores del primero y segundo lugar del\nconcurso, considerado uno de los m\u00e1s relevantes para migrantes de habla\nhispana, la embajada de Estados Unidos en M\u00e9xico neg\u00f3 las visas a cuatro de los\ncinco menores invitados a participar al encuentro \u201cL\u00e9eme tu cuento\u201d en el\nconsulado de nuestro pa\u00eds en Austin, Texas, donde los finalistas y ganadores\ndel certamen leen sus obras, porque afirman que algunos padres han estado\nindocumentados en ese pa\u00eds, y ahora se sanciona tambi\u00e9n a sus hijos.<\/p>\n\n\n\n<p>Morales S\u00e1nchez, maestro con m\u00e1s de 35\na\u00f1os de experiencia docente y fundador de sala de lectura \u201cC\u00e1nticos de Vida y\nLibertad\u201d, quien desde hace seis a\u00f1os impulsa el programa de fomento a la\nlectura en San Sebasti\u00e1n Teitipac, promueve actos culturales, art\u00edsticos y de\nlectura en voz alta en parques y otros espacios comunitarios, afirm\u00f3 que\n\u201cestamos muy emocionados porque desde el primer a\u00f1o (2018) que participamos\nganamos un tercer lugar, con el cuento La gran olmeca, de Montserrat Fern\u00e1ndez\nMart\u00ednez, alumna de nuestra escuela\u201d, dijo a \u201cLa Jornada\u201d.<\/p>\n\n\n\n<p>Ahora, al participar por segunda\nocasi\u00f3n, cuatro de nuestros \u201cColibritos\u201d resultaron finalistas. Dos obtuvieron\nel primero y segundo lugar. Erik Yael L\u00f3pez, quien gan\u00f3 el concurso con su\ncuento \u201cLa ni\u00f1a y el fantasma\u201d, afirma que es bonito escribir, porque as\u00ed\npuedes contar todas las historias que imaginas. Cuando empec\u00e9 a leer, para m\u00ed\nera como estar dentro de los libros, como si a m\u00ed me pasaran todas esas cosas\nque cuentas con las palabras, expuso.<\/p>\n\n\n\n<p>Durante una guelaguetza literaria en la\nlibrer\u00eda Rosario Castellanos del Fondo de Cultura Econ\u00f3mica, los ganadores\nleyeron en voz alta sus obras. Ah\u00ed Carlos Daniel Salvador Valencia, autor de \u201cEl\npirata ambicioso y el tesoro\u201d, ganador del segundo lugar del certamen, narr\u00f3 su\nhistoria con los libros y las pel\u00edculas de ficci\u00f3n. \u201cCuando vi en el cine las\npel\u00edculas de piratas, me naci\u00f3 el inter\u00e9s de escribir m\u00e1s historias y ser un\npoco el protagonista\u201d.<\/p>\n\n\n\n<p>Acompa\u00f1ados de Joseph Ali Antonio,\nGeovanni Aldair Pablo y Obet Jos\u00e9 Cruz, finalistas del concurso, \u00e9ste \u00faltimo el\n\u00fanico a quien se dio la visa para ir al encuentro, Morales S\u00e1nchez lament\u00f3 que\nlas autoridades de Estados Unidos no consideren que se trata de una visita\ncultural, en la que se fortalecen los lazos con otras culturas, as\u00ed como con la\nlectura y la escritura.<\/p>\n","protected":false},"excerpt":{"rendered":"<p>Redacci\u00f3n\/Zona Roja Cdmx. Ciudad de M\u00e9xico, 1 de marzo de 2020.- Originarios de la comunidad&hellip;<\/p>\n","protected":false},"author":2,"featured_media":9370,"comment_status":"closed","ping_status":"open","sticky":false,"template":"","format":"standard","meta":{"_lmt_disableupdate":"","_lmt_disable":"","_jetpack_memberships_contains_paid_content":false,"footnotes":""},"categories":[109,46],"tags":[1458],"class_list":["post-9369","post","type-post","status-publish","format-standard","has-post-thumbnail","hentry","category-minuto-a-minuto","category-zona-blanca","tag-literatura-ninos-oaxaquenos-los-colibritos"],"jetpack_featured_media_url":"https:\/\/zonaroja.com.mx\/wp-content\/uploads\/2020\/03\/Ni\u00f1os-oaxaque\u00f1os.jpg","jetpack_sharing_enabled":true,"_links":{"self":[{"href":"https:\/\/zonaroja.com.mx\/index.php?rest_route=\/wp\/v2\/posts\/9369","targetHints":{"allow":["GET"]}}],"collection":[{"href":"https:\/\/zonaroja.com.mx\/index.php?rest_route=\/wp\/v2\/posts"}],"about":[{"href":"https:\/\/zonaroja.com.mx\/index.php?rest_route=\/wp\/v2\/types\/post"}],"author":[{"embeddable":true,"href":"https:\/\/zonaroja.com.mx\/index.php?rest_route=\/wp\/v2\/users\/2"}],"replies":[{"embeddable":true,"href":"https:\/\/zonaroja.com.mx\/index.php?rest_route=%2Fwp%2Fv2%2Fcomments&post=9369"}],"version-history":[{"count":2,"href":"https:\/\/zonaroja.com.mx\/index.php?rest_route=\/wp\/v2\/posts\/9369\/revisions"}],"predecessor-version":[{"id":9372,"href":"https:\/\/zonaroja.com.mx\/index.php?rest_route=\/wp\/v2\/posts\/9369\/revisions\/9372"}],"wp:featuredmedia":[{"embeddable":true,"href":"https:\/\/zonaroja.com.mx\/index.php?rest_route=\/wp\/v2\/media\/9370"}],"wp:attachment":[{"href":"https:\/\/zonaroja.com.mx\/index.php?rest_route=%2Fwp%2Fv2%2Fmedia&parent=9369"}],"wp:term":[{"taxonomy":"category","embeddable":true,"href":"https:\/\/zonaroja.com.mx\/index.php?rest_route=%2Fwp%2Fv2%2Fcategories&post=9369"},{"taxonomy":"post_tag","embeddable":true,"href":"https:\/\/zonaroja.com.mx\/index.php?rest_route=%2Fwp%2Fv2%2Ftags&post=9369"}],"curies":[{"name":"wp","href":"https:\/\/api.w.org\/{rel}","templated":true}]}}