{"id":9373,"date":"2020-03-01T14:20:09","date_gmt":"2020-03-01T20:20:09","guid":{"rendered":"http:\/\/www.zonaroja.com.mx\/?p=9373"},"modified":"2020-03-01T14:20:12","modified_gmt":"2020-03-01T20:20:12","slug":"respaldan-presidente-y-el-inpi-a-pueblos-chontales-de-tabasco","status":"publish","type":"post","link":"https:\/\/zonaroja.com.mx\/?p=9373","title":{"rendered":"Respaldan Presidente y el INPI a pueblos chontales de Tabasco"},"content":{"rendered":"\n<p>Redacci\u00f3n\/Zona Roja.<\/p>\n\n\n\n<p>Centla, Tabasco, 29 de febrero de 2020.-\nEl Instituto Nacional de los Pueblos Ind\u00edgenas (INPI) apoya, a trav\u00e9s del\nPrograma de Apoyo a la Educaci\u00f3n Ind\u00edgena, a mil 500 casas de la ni\u00f1ez ind\u00edgena\nen todo el pa\u00eds.<\/p>\n\n\n\n<p>En esos espacios se brinda atenci\u00f3n a 80\nmil ni\u00f1as y ni\u00f1os ind\u00edgenas con servicios de alimentaci\u00f3n y hospedaje, inform\u00f3\nel director general de la instituci\u00f3n, Adelfo Regino Montes, durante el di\u00e1logo\ncon el pueblo yokot\u00b4an (chontal) de Tabasco, encabezado ayer por el Presidente\nAndr\u00e9s Manuel L\u00f3pez Obrador.<\/p>\n\n\n\n<p>Antes del encuentro con las comunidades\nind\u00edgenas, Regino Montes visit\u00f3 el Comedor Comunitario de la Ni\u00f1ez Ind\u00edgena\n\u201cTom\u00e1s Taracena Hern\u00e1ndez\u201d en el poblado de Quint\u00edn Ar\u00e1uz, Centla, que brinda\nalimentaci\u00f3n a estudiantes chontales de primaria y secundaria.<\/p>\n\n\n\n<p>En este espacio pudo recorrer las\ninstalaciones y constatar las necesidades que tienen las ec\u00f3nomas, en su\nmayor\u00eda madres de estudiantes; ellas se encargan de la preparaci\u00f3n de alimentos\ny de la administraci\u00f3n del plantel.<\/p>\n\n\n\n<p>\u201cHoy hemos atravesado el r\u00edo Usumacinta,\nun r\u00edo simb\u00f3lico y muy importante para la vida y la cultura de nuestros\npueblos\u201d, sostuvo luego de que las y los servidores p\u00fablicos, encabezados por\nel Presidente, subieran a embarcaciones para atravesar el caudal y desembarcar\nen el municipio de Centla, a fin de escuchar las necesidades de cientos de\nfamilias chontales asentadas en el lugar.<\/p>\n\n\n\n<p>Refiri\u00f3 que el d\u00eda anterior en el\nmunicipio de Nacajuca, Tabasco, se puso en operaci\u00f3n la XHCPBS \u201cLa Voz de los\nChontales\u201d, radiodifusora que mantendr\u00e1 transmisiones en lenguas ind\u00edgenas y se\nescuchar\u00e1 en toda la regi\u00f3n de Los Pantanos, pues asegur\u00f3 que para este\ngobierno es muy importante el fortalecimiento de las culturas y lenguas, a\ntrav\u00e9s del aprovechamiento de los medios de comunicaci\u00f3n.<\/p>\n\n\n\n<p>MUNICIPIO HIST\u00d3RICO<\/p>\n\n\n\n<p>Record\u00f3 que en este municipio hay una historia de lucha y resistencia, como la batalla en Centla contra las tropas de Hern\u00e1n Cort\u00e9s el 25 de marzo de 1529; por lo que es testigo de la resistencia ancestral del pueblo chontal y los pueblos ind\u00edgenas de M\u00e9xico.<\/p>\n\n\n\n<figure class=\"wp-block-embed-twitter wp-block-embed is-type-rich is-provider-twitter\"><div class=\"wp-block-embed__wrapper\">\n<div class=\"twitter-tweet\"><blockquote class=\"twitter-tweet\" data-lang=\"es\"><p lang=\"es\" dir=\"ltr\">En Quint\u00edn Ar\u00e1uz Centla, Tabasco, el Presidente <a href=\"https:\/\/twitter.com\/lopezobrador_?ref_src=twsrc%5Etfw\">@lopezobrador_<\/a> anuncia la construcci\u00f3n del Hospital y el puente sobre el r\u00edo Usumacinta.<br>Dijo Carlos Pellicer: Y \u00e9ste es el canto del Usumacinta<br>que viene de muy all\u00e1<br>y al que acompa\u00f1an (&#8230;) dando la vida el Lakant\u00fan y el Lakanj\u00e1. <a href=\"https:\/\/t.co\/gRwnFL0XFD\">pic.twitter.com\/gRwnFL0XFD<\/a><\/p>&mdash; Adelfo Regino Montes (@DEELAYUUK) <a href=\"https:\/\/twitter.com\/DEELAYUUK\/status\/1233868159574253570?ref_src=twsrc%5Etfw\">29 de febrero de 2020<\/a><\/blockquote><\/div>\n<\/div><\/figure>\n\n\n\n<p>Adelfo Regino cit\u00f3 fragmentos del poema \u201cEl\ncanto del Usumacinta\u201d, del luchador social tabasque\u00f1o y maestro de la poes\u00eda,\nCarlos Pellicer, formador tambi\u00e9n de j\u00f3venes y defensor de la cultura y la\nbiodiversidad del estado.<\/p>\n\n\n\n<p>Por su parte, el representante del\npueblo chontal, Antonio P\u00e9rez Cruz, enfatiz\u00f3 la necesidad de construir un\npuente para que las mujeres y hombres puedan atravesar el r\u00edo con mayor facilidad,\nas\u00ed como sus mercanc\u00edas, alimentos y productos comerciales. Tambi\u00e9n pidi\u00f3 la\nconstrucci\u00f3n de un hospital que brinde servicios de salud las 24 horas del d\u00eda.<\/p>\n\n\n\n<p>El Presidente L\u00f3pez Obrador respondi\u00f3 a\nlas peticiones del pueblo chontal acordadas previamente en asamblea de\nautoridades, ya que anunci\u00f3 la construcci\u00f3n del puente para la comunidad de\nQuint\u00edn Ar\u00e1uz, as\u00ed como un nuevo hospital en beneficio de la poblaci\u00f3n.<\/p>\n\n\n\n<p>Las y los invitados fueron recibidos con\nuna ceremonia tradicional de agradecimiento, limpia y bendici\u00f3n, que cont\u00f3 con\nla representaci\u00f3n de la \u2018Danza del Caballito\u2019, la cual fue acompa\u00f1ada con una\nofrenda de tamales, dulce de coco y pozol, como agradecimiento por las bondades\nque la madre tierra ha depositado en las comunidades.<\/p>\n\n\n\n<p>Asimismo, ni\u00f1as y ni\u00f1os de la escuela\nbiling\u00fce \u201cMargarita Maza de Ju\u00e1rez\u201d de la comunidad de Vicente Guerrero\nentonaron el Himno Nacional en lengua chontal.<\/p>\n\n\n\n<p>En este di\u00e1logo acompa\u00f1aron al Presidente,\nel gobernador del estado, Ad\u00e1n Augusto L\u00f3pez Hern\u00e1ndez; el secretario de\nDesarrollo Agrario, Territorial y Urbano, Rom\u00e1n Meyer Falc\u00f3n; el coordinador\ngeneral de Comunicaci\u00f3n social y Vocero de la Presidencia, Jes\u00fas Ram\u00edrez\nCuevas; la presidenta municipal, Guadalupe Cruz Izquierdo.<\/p>\n\n\n\n<p>Como invitados especiales acompa\u00f1aron al\npresidente los representantes del pueblo chontal: Tila Yaneth S\u00e1nchez Alejandro\ny Antonio P\u00e9rez P\u00e9rez.<\/p>\n\n\n\n<p>Por la tarde de ayer, el titular del\nINPI acompa\u00f1\u00f3 al Presidente y al secretario de Sedatu a la presentaci\u00f3n del\nPrograma de Mejoramiento Urbano, en la poblaci\u00f3n de Villa Vicente Guerrero,\ndonde se reiter\u00f3 el compromiso del Gobierno de M\u00e9xico de trabajar en beneficio\nde todas y todos, pero con \u00e9nfasis en los m\u00e1s humildes, en los pueblos\nind\u00edgenas del pa\u00eds.<\/p>\n","protected":false},"excerpt":{"rendered":"<p>Redacci\u00f3n\/Zona Roja. Centla, Tabasco, 29 de febrero de 2020.- El Instituto Nacional de los Pueblos&hellip;<\/p>\n","protected":false},"author":2,"featured_media":9374,"comment_status":"closed","ping_status":"open","sticky":false,"template":"","format":"standard","meta":{"_lmt_disableupdate":"","_lmt_disable":"","_jetpack_memberships_contains_paid_content":false,"footnotes":""},"categories":[109],"tags":[557],"class_list":["post-9373","post","type-post","status-publish","format-standard","has-post-thumbnail","hentry","category-minuto-a-minuto","tag-adelfo-regino-montes"],"jetpack_featured_media_url":"https:\/\/zonaroja.com.mx\/wp-content\/uploads\/2020\/03\/Adelfo-Regino-y-AMLO.jpg","jetpack_sharing_enabled":true,"_links":{"self":[{"href":"https:\/\/zonaroja.com.mx\/index.php?rest_route=\/wp\/v2\/posts\/9373","targetHints":{"allow":["GET"]}}],"collection":[{"href":"https:\/\/zonaroja.com.mx\/index.php?rest_route=\/wp\/v2\/posts"}],"about":[{"href":"https:\/\/zonaroja.com.mx\/index.php?rest_route=\/wp\/v2\/types\/post"}],"author":[{"embeddable":true,"href":"https:\/\/zonaroja.com.mx\/index.php?rest_route=\/wp\/v2\/users\/2"}],"replies":[{"embeddable":true,"href":"https:\/\/zonaroja.com.mx\/index.php?rest_route=%2Fwp%2Fv2%2Fcomments&post=9373"}],"version-history":[{"count":1,"href":"https:\/\/zonaroja.com.mx\/index.php?rest_route=\/wp\/v2\/posts\/9373\/revisions"}],"predecessor-version":[{"id":9375,"href":"https:\/\/zonaroja.com.mx\/index.php?rest_route=\/wp\/v2\/posts\/9373\/revisions\/9375"}],"wp:featuredmedia":[{"embeddable":true,"href":"https:\/\/zonaroja.com.mx\/index.php?rest_route=\/wp\/v2\/media\/9374"}],"wp:attachment":[{"href":"https:\/\/zonaroja.com.mx\/index.php?rest_route=%2Fwp%2Fv2%2Fmedia&parent=9373"}],"wp:term":[{"taxonomy":"category","embeddable":true,"href":"https:\/\/zonaroja.com.mx\/index.php?rest_route=%2Fwp%2Fv2%2Fcategories&post=9373"},{"taxonomy":"post_tag","embeddable":true,"href":"https:\/\/zonaroja.com.mx\/index.php?rest_route=%2Fwp%2Fv2%2Ftags&post=9373"}],"curies":[{"name":"wp","href":"https:\/\/api.w.org\/{rel}","templated":true}]}}