{"id":9379,"date":"2020-03-01T14:44:05","date_gmt":"2020-03-01T20:44:05","guid":{"rendered":"http:\/\/www.zonaroja.com.mx\/?p=9379"},"modified":"2020-03-01T14:44:09","modified_gmt":"2020-03-01T20:44:09","slug":"reafirman-comunidades-de-oaxaca-y-veracruz-oposicion-a-megaproyecto","status":"publish","type":"post","link":"https:\/\/zonaroja.com.mx\/?p=9379","title":{"rendered":"Reafirman comunidades de Oaxaca y Veracruz oposici\u00f3n a megaproyecto"},"content":{"rendered":"\n<p>Yuridiana Sosa<\/p>\n\n\n\n<p>Oaxaca de Ju\u00e1rez, Oax., 1 de marzo de 2020.-\nPoblaciones oaxaque\u00f1as y veracruzanas se unieron para exigir al gobierno\nfederal la revocaci\u00f3n del manifiesto de impacto ambiental que se realiz\u00f3 en el\ncorredor destinado para implementar el proyecto trans\u00edstmico.<\/p>\n\n\n\n<p>En un nuevo llamado para que se ejecuten\ntrabajos apegados al respeto de los derechos de las comunidades, medio ambiente\ny legalidad, los habitantes de Santa Mar\u00eda Petapa, agencia de Chivela de\nAsunci\u00f3n Ixtaltepec y Uxpanapa, Veracruz, demandaron el levantamiento de un\nnuevo estudio de impacto ambiental.<\/p>\n\n\n\n<p>Los afectados solicitaron a la\nSecretar\u00eda de Medio Ambiente que sea el Instituto de Ecolog\u00eda, la Universidad\nVeracruzana o la Universidad Nacional Aut\u00f3noma de M\u00e9xico los que realicen el\nmanifiesto, pues acusaron conflicto de intereses en el ejercicio pasado\nlevantado por una empresa particular como es Geo Elementos S.A d C.V.<\/p>\n\n\n\n<p>En la exigencia, firmada tambi\u00e9n por la\nFundaci\u00f3n Jaguares en la Selva A.C y Alianza Ganadera de Oaxaca de Veracruz,\napostaron por la conservaci\u00f3n de los servicios ecosist\u00e9micos de 79 municipios\ninvolucrados en proyecto interoce\u00e1nico.<\/p>\n\n\n\n<p>\u201cEstamos totalmente ciertos que si se\npresenta un trabajo biocultural y cient\u00edficos podremos tener el primer corredor\nde la biodiversidad de nivel mundial para la captura de di\u00f3xido de carbono,\nrestauraci\u00f3n de r\u00edos y lagos, as\u00ed como manejo de ganader\u00eda verde, protecci\u00f3n de\nlos corredores biol\u00f3gicos del jaguar, especie patrimonio cultural biol\u00f3gico\ntangible e intangible del Oaxaca\u201d.<\/p>\n\n\n\n<p>Los habitantes tambi\u00e9n denunciaron en\nd\u00edas pasados que manifiesto de impacto ambiental s\u00f3lo se realiz\u00f3 en 63 de los\n132 kil\u00f3metros correspondientes al plan.<\/p>\n\n\n\n<p>Por la manera en la que se lleva a cabo\nel proceso del proyecto, las comunidades de San Juan Guichicovi y Mat\u00edas Romero\ntambi\u00e9n han declarado su rechazo.<\/p>\n","protected":false},"excerpt":{"rendered":"<p>Yuridiana Sosa Oaxaca de Ju\u00e1rez, Oax., 1 de marzo de 2020.- Poblaciones oaxaque\u00f1as y veracruzanas&hellip;<\/p>\n","protected":false},"author":2,"featured_media":6164,"comment_status":"closed","ping_status":"open","sticky":false,"template":"","format":"standard","meta":{"_lmt_disableupdate":"","_lmt_disable":"","_jetpack_memberships_contains_paid_content":false,"footnotes":""},"categories":[109,47],"tags":[1146],"class_list":["post-9379","post","type-post","status-publish","format-standard","has-post-thumbnail","hentry","category-minuto-a-minuto","category-zona-gris","tag-proyecto-transistimico"],"jetpack_featured_media_url":"https:\/\/zonaroja.com.mx\/wp-content\/uploads\/2019\/11\/Corredor-Trans\u00edstimico.jpg","jetpack_sharing_enabled":true,"_links":{"self":[{"href":"https:\/\/zonaroja.com.mx\/index.php?rest_route=\/wp\/v2\/posts\/9379","targetHints":{"allow":["GET"]}}],"collection":[{"href":"https:\/\/zonaroja.com.mx\/index.php?rest_route=\/wp\/v2\/posts"}],"about":[{"href":"https:\/\/zonaroja.com.mx\/index.php?rest_route=\/wp\/v2\/types\/post"}],"author":[{"embeddable":true,"href":"https:\/\/zonaroja.com.mx\/index.php?rest_route=\/wp\/v2\/users\/2"}],"replies":[{"embeddable":true,"href":"https:\/\/zonaroja.com.mx\/index.php?rest_route=%2Fwp%2Fv2%2Fcomments&post=9379"}],"version-history":[{"count":1,"href":"https:\/\/zonaroja.com.mx\/index.php?rest_route=\/wp\/v2\/posts\/9379\/revisions"}],"predecessor-version":[{"id":9380,"href":"https:\/\/zonaroja.com.mx\/index.php?rest_route=\/wp\/v2\/posts\/9379\/revisions\/9380"}],"wp:featuredmedia":[{"embeddable":true,"href":"https:\/\/zonaroja.com.mx\/index.php?rest_route=\/wp\/v2\/media\/6164"}],"wp:attachment":[{"href":"https:\/\/zonaroja.com.mx\/index.php?rest_route=%2Fwp%2Fv2%2Fmedia&parent=9379"}],"wp:term":[{"taxonomy":"category","embeddable":true,"href":"https:\/\/zonaroja.com.mx\/index.php?rest_route=%2Fwp%2Fv2%2Fcategories&post=9379"},{"taxonomy":"post_tag","embeddable":true,"href":"https:\/\/zonaroja.com.mx\/index.php?rest_route=%2Fwp%2Fv2%2Ftags&post=9379"}],"curies":[{"name":"wp","href":"https:\/\/api.w.org\/{rel}","templated":true}]}}