{"id":9384,"date":"2020-03-01T20:32:05","date_gmt":"2020-03-02T02:32:05","guid":{"rendered":"http:\/\/www.zonaroja.com.mx\/?p=9384"},"modified":"2020-03-01T20:32:08","modified_gmt":"2020-03-02T02:32:08","slug":"balaceras-y-levantones-deja-en-soyaltepec-10-ejecutados-en-2020","status":"publish","type":"post","link":"https:\/\/zonaroja.com.mx\/?p=9384","title":{"rendered":"Balaceras y \u201clevantones\u201d, deja en Soyaltepec 10 ejecutados en 2020"},"content":{"rendered":"\n<p>Redacci\u00f3n\/Zona Roja.<\/p>\n\n\n\n<p>Oaxaca de Ju\u00e1rez, Oax., 1 de febrero de\n2020.- El asesinato del ex edil y ex diputado del PRI, Heriberto Ram\u00edrez\nMart\u00ednez, junto a otros dos hombres, ocurrido este jueves en San Miguel\nSoyaltepec, en la regi\u00f3n de la Cuenca, forma parte de una decena de v\u00edctimas\nultimadas en hechos violentos en 2020.<\/p>\n\n\n\n<p>De enero al 27 de febrero, se han\nregistrado 10 ejecuciones de varones en distintos hechos, de acuerdo con\ninformaci\u00f3n hemerogr\u00e1fica de Zona Roja. <\/p>\n\n\n\n<p>Estos datos contrastan a los oficiales,\npues el Secretariado Ejecutivo del Sistema Nacional de Seguridad P\u00fablica, con\ninformaci\u00f3n de dependencias estatales, apenas registraron un caso.<\/p>\n\n\n\n<p>En los primeros d\u00edas de febrero, en este\nmunicipio de la regi\u00f3n de la Cuenca, la Agencia Estatal de Investigaciones de\nla Fiscal\u00eda General del Estado registr\u00f3 el hallazgo de dos hombres sin vida a\norilla de la carretera que conduce a la poblaci\u00f3n.<\/p>\n\n\n\n<p>El pasado 22 de enero la poblaci\u00f3n de San Miguel Soyaltepec fue v\u00edctima de la incursi\u00f3n armada de un grupo de hombres; hecho que fue evidenciada por la comunidad por medio de videos grabados por celular y publicados en redes sociales.<\/p>\n\n\n\n<figure class=\"wp-block-image\"><img decoding=\"async\" width=\"1024\" height=\"580\" src=\"http:\/\/www.zonaroja.com.mx\/wp-content\/uploads\/2020\/02\/Gobernador-Soyaltepec-1024x580.jpg\" alt=\"\" class=\"wp-image-8285\" srcset=\"https:\/\/zonaroja.com.mx\/wp-content\/uploads\/2020\/02\/Gobernador-Soyaltepec-1024x580.jpg 1024w, https:\/\/zonaroja.com.mx\/wp-content\/uploads\/2020\/02\/Gobernador-Soyaltepec-300x170.jpg 300w, https:\/\/zonaroja.com.mx\/wp-content\/uploads\/2020\/02\/Gobernador-Soyaltepec-768x435.jpg 768w, https:\/\/zonaroja.com.mx\/wp-content\/uploads\/2020\/02\/Gobernador-Soyaltepec-585x332.jpg 585w, https:\/\/zonaroja.com.mx\/wp-content\/uploads\/2020\/02\/Gobernador-Soyaltepec.jpg 1080w\" sizes=\"(max-width: 1024px) 100vw, 1024px\" \/><\/figure>\n\n\n\n<p>Por ese hecho, las autoridades\npoliciales informaron la muerte de dos hombres con arma de fuego y al menos\ncinco m\u00e1s que fueron privadas de su libertad de manera ilegal.<\/p>\n\n\n\n<p>Anterior a ese evento violento, el 20 de\nenero se localizaron a tres hombres sin vida en una localidad de San Miguel\nSoyaltepec, quienes presentaban impactos de armas de fuego y huellas de\ntortura.<\/p>\n\n\n\n<p>Por la incursi\u00f3n armada, el gobernador\nAlejandro Murat se reuni\u00f3 en la capital del estado con el presidente de\nSoyaltepec, Antonio Nazario Hern\u00e1ndez, y con Heriberto Ram\u00edrez, a pesar que\n\u00e9ste \u00faltimo no ocupaba ning\u00fan cargo dentro del cabildo municipal, pero por 30\na\u00f1os se consolid\u00f3 como un l\u00edder en la poblaci\u00f3n y el brazo fuerte del PRI en la\nCuenca.<\/p>\n\n\n\n<p>El encuentro fue publicado y presumido\npor el mandatario estatal en su cuenta de redes sociales. En la publicaci\u00f3n\ndetall\u00f3 que conjunto con la Secretar\u00eda de Seguridad P\u00fablica y la Fiscal\u00eda\nGeneral del Estado se realizar\u00edan acciones m\u00e1s contundentes para proteger a la\npoblaci\u00f3n.<\/p>\n","protected":false},"excerpt":{"rendered":"<p>Redacci\u00f3n\/Zona Roja. Oaxaca de Ju\u00e1rez, Oax., 1 de febrero de 2020.- El asesinato del ex&hellip;<\/p>\n","protected":false},"author":2,"featured_media":7922,"comment_status":"closed","ping_status":"open","sticky":false,"template":"","format":"standard","meta":{"_lmt_disableupdate":"","_lmt_disable":"","_jetpack_memberships_contains_paid_content":false,"footnotes":""},"categories":[109,51],"tags":[1037],"class_list":["post-9384","post","type-post","status-publish","format-standard","has-post-thumbnail","hentry","category-minuto-a-minuto","category-zona-roja","tag-san-miguel-soyaltepec"],"jetpack_featured_media_url":"https:\/\/zonaroja.com.mx\/wp-content\/uploads\/2020\/01\/San-Miguel-Soyaltepec.jpg","jetpack_sharing_enabled":true,"_links":{"self":[{"href":"https:\/\/zonaroja.com.mx\/index.php?rest_route=\/wp\/v2\/posts\/9384","targetHints":{"allow":["GET"]}}],"collection":[{"href":"https:\/\/zonaroja.com.mx\/index.php?rest_route=\/wp\/v2\/posts"}],"about":[{"href":"https:\/\/zonaroja.com.mx\/index.php?rest_route=\/wp\/v2\/types\/post"}],"author":[{"embeddable":true,"href":"https:\/\/zonaroja.com.mx\/index.php?rest_route=\/wp\/v2\/users\/2"}],"replies":[{"embeddable":true,"href":"https:\/\/zonaroja.com.mx\/index.php?rest_route=%2Fwp%2Fv2%2Fcomments&post=9384"}],"version-history":[{"count":1,"href":"https:\/\/zonaroja.com.mx\/index.php?rest_route=\/wp\/v2\/posts\/9384\/revisions"}],"predecessor-version":[{"id":9385,"href":"https:\/\/zonaroja.com.mx\/index.php?rest_route=\/wp\/v2\/posts\/9384\/revisions\/9385"}],"wp:featuredmedia":[{"embeddable":true,"href":"https:\/\/zonaroja.com.mx\/index.php?rest_route=\/wp\/v2\/media\/7922"}],"wp:attachment":[{"href":"https:\/\/zonaroja.com.mx\/index.php?rest_route=%2Fwp%2Fv2%2Fmedia&parent=9384"}],"wp:term":[{"taxonomy":"category","embeddable":true,"href":"https:\/\/zonaroja.com.mx\/index.php?rest_route=%2Fwp%2Fv2%2Fcategories&post=9384"},{"taxonomy":"post_tag","embeddable":true,"href":"https:\/\/zonaroja.com.mx\/index.php?rest_route=%2Fwp%2Fv2%2Ftags&post=9384"}],"curies":[{"name":"wp","href":"https:\/\/api.w.org\/{rel}","templated":true}]}}