{"id":9386,"date":"2020-03-01T21:23:22","date_gmt":"2020-03-02T03:23:22","guid":{"rendered":"http:\/\/www.zonaroja.com.mx\/?p=9386"},"modified":"2020-03-01T21:23:25","modified_gmt":"2020-03-02T03:23:25","slug":"realizan-en-oaxaca-actividades-en-respaldo-a-cientifico-hector-cabrera","status":"publish","type":"post","link":"https:\/\/zonaroja.com.mx\/?p=9386","title":{"rendered":"Realizan en Oaxaca actividades en respaldo a cient\u00edfico H\u00e9ctor Cabrera"},"content":{"rendered":"\n<p>Ismael Garc\u00eda M.\/Zona Roja.<\/p>\n\n\n\n<p>Oaxaca de Ju\u00e1rez, Oax., 1 de marzo de\n2020.- Con la presencia de algunos de sus familiares, este domingo se efectuaron\nen la ciudad de Oaxaca y en El Espinal, dos actividades en respaldo del\ncient\u00edfico oaxaque\u00f1o H\u00e9ctor Cabrera Fuentes.<\/p>\n\n\n\n<p>En el restaurante \u201cPalo Mocho\u201d de la\ncapital, m\u00fasicos y artistas, adem\u00e1s de allegados al profesionista detenido en\nlos Estados Unidos el pasado 18 de febrero, apoyaron con la adquisici\u00f3n de\nart\u00edculos como playeras, tazas con imagen del cient\u00edfico, obras de arte,\nmezcal, entre otros, a fin de recaudar recursos.<\/p>\n\n\n\n<p>De acuerdo con uno de los organizadores, Erick Mart\u00ednez, la iniciativa surgi\u00f3 con un grupo de amigos de H\u00e9ctor Cabrera, a fin de recaudar recursos para apoyar a la familia del espinale\u00f1o.<\/p>\n\n\n\n<figure class=\"wp-block-embed-twitter wp-block-embed is-type-rich is-provider-twitter\"><div class=\"wp-block-embed__wrapper\">\n<div class=\"twitter-tweet\"><blockquote class=\"twitter-tweet\" data-lang=\"es\"><p lang=\"es\" dir=\"ltr\"><a href=\"https:\/\/twitter.com\/hashtag\/SomosH%C3%A9ctorAlejandro?src=hash&amp;ref_src=twsrc%5Etfw\">#SomosH\u00e9ctorAlejandro<\/a> <br>Con esa etiqueta, la tarde de este domingo se efectu\u00f3 en la capital de Oaxaca un festival a favor del cient\u00edfico oaxaque\u00f1o H\u00e9ctor Alejandro Cabrera Fuentes, preso en EU, para pedir por su libertad y para recaudar fondos. <a href=\"https:\/\/t.co\/nkvb4eaeKv\">pic.twitter.com\/nkvb4eaeKv<\/a><\/p>&mdash; Zona Roja Oaxaca (@MexRoja) <a href=\"https:\/\/twitter.com\/MexRoja\/status\/1234285101372014598?ref_src=twsrc%5Etfw\">2 de marzo de 2020<\/a><\/blockquote><\/div>\n<\/div><\/figure>\n\n\n\n<p>En El Espinal, tierra natal del\ncient\u00edfico que radicaba en Singapur y que ha sido premiado en Rusia, Alemania y\nCorea, adem\u00e1s de M\u00e9xico, se organiz\u00f3 una marcha, para pedir tambi\u00e9n la\nliberaci\u00f3n del oaxaque\u00f1o.<\/p>\n\n\n\n<p>La asociaci\u00f3n \u201cPor Oaxaca, m\u00e1s\ninvestigadores\u201d, demand\u00f3 a las autoridades mexicanas mayor apoyo para el\nespinale\u00f1o, a fin de que pueda contar con una buena defensa legal.<\/p>\n\n\n\n<p>Cabrera Fuentes fue detenido el pasado\n18 de febrero en Miami, Florida, Estados Unidos; este martes 3 de febrero se\nreanuda la audiencia para que se decida la situaci\u00f3n jur\u00eddica del cient\u00edfico.<\/p>\n","protected":false},"excerpt":{"rendered":"<p>Ismael Garc\u00eda M.\/Zona Roja. Oaxaca de Ju\u00e1rez, Oax., 1 de marzo de 2020.- Con la&hellip;<\/p>\n","protected":false},"author":2,"featured_media":9387,"comment_status":"closed","ping_status":"open","sticky":false,"template":"","format":"standard","meta":{"_lmt_disableupdate":"","_lmt_disable":"","_jetpack_memberships_contains_paid_content":false,"footnotes":""},"categories":[109,47],"tags":[1392],"class_list":["post-9386","post","type-post","status-publish","format-standard","has-post-thumbnail","hentry","category-minuto-a-minuto","category-zona-gris","tag-hector-alejandro-cabrera-fuentes"],"jetpack_featured_media_url":"https:\/\/zonaroja.com.mx\/wp-content\/uploads\/2020\/03\/Apoyo-a-H\u00e9ctor-Cabrera.png","jetpack_sharing_enabled":true,"_links":{"self":[{"href":"https:\/\/zonaroja.com.mx\/index.php?rest_route=\/wp\/v2\/posts\/9386","targetHints":{"allow":["GET"]}}],"collection":[{"href":"https:\/\/zonaroja.com.mx\/index.php?rest_route=\/wp\/v2\/posts"}],"about":[{"href":"https:\/\/zonaroja.com.mx\/index.php?rest_route=\/wp\/v2\/types\/post"}],"author":[{"embeddable":true,"href":"https:\/\/zonaroja.com.mx\/index.php?rest_route=\/wp\/v2\/users\/2"}],"replies":[{"embeddable":true,"href":"https:\/\/zonaroja.com.mx\/index.php?rest_route=%2Fwp%2Fv2%2Fcomments&post=9386"}],"version-history":[{"count":1,"href":"https:\/\/zonaroja.com.mx\/index.php?rest_route=\/wp\/v2\/posts\/9386\/revisions"}],"predecessor-version":[{"id":9388,"href":"https:\/\/zonaroja.com.mx\/index.php?rest_route=\/wp\/v2\/posts\/9386\/revisions\/9388"}],"wp:featuredmedia":[{"embeddable":true,"href":"https:\/\/zonaroja.com.mx\/index.php?rest_route=\/wp\/v2\/media\/9387"}],"wp:attachment":[{"href":"https:\/\/zonaroja.com.mx\/index.php?rest_route=%2Fwp%2Fv2%2Fmedia&parent=9386"}],"wp:term":[{"taxonomy":"category","embeddable":true,"href":"https:\/\/zonaroja.com.mx\/index.php?rest_route=%2Fwp%2Fv2%2Fcategories&post=9386"},{"taxonomy":"post_tag","embeddable":true,"href":"https:\/\/zonaroja.com.mx\/index.php?rest_route=%2Fwp%2Fv2%2Ftags&post=9386"}],"curies":[{"name":"wp","href":"https:\/\/api.w.org\/{rel}","templated":true}]}}