{"id":9392,"date":"2020-03-01T22:38:05","date_gmt":"2020-03-02T04:38:05","guid":{"rendered":"http:\/\/www.zonaroja.com.mx\/?p=9392"},"modified":"2020-03-01T22:38:09","modified_gmt":"2020-03-02T04:38:09","slug":"inicia-marzo-en-oaxaca-con-cuatro-ataques-armados-y-cinco-heridos","status":"publish","type":"post","link":"https:\/\/zonaroja.com.mx\/?p=9392","title":{"rendered":"Inicia marzo en Oaxaca con cuatro ataques armados y cinco heridos"},"content":{"rendered":"\n<p>Ismael Garc\u00eda M.\/Zona Roja.<\/p>\n\n\n\n<p>Oaxaca de Ju\u00e1rez, Oax., 1 de marzo de\n2020.- Con al menos cuatro agresiones armadas, con saldo de cinco heridos, as\u00ed\ncomo diversos asaltos, inici\u00f3 marzo en el estado de Oaxaca.<\/p>\n\n\n\n<p>Los hechos sucedieron en el transcurso de\neste domingo en las regiones Istmo de Tehuantepec, Ca\u00f1ada y Cuenca del\nPapaloapan.<\/p>\n\n\n\n<p>En San Juan Bautista Tuxtepec se\nregistr\u00f3 el primer ataque, durante la ma\u00f1ana, en la agencia de San Bartolo; las\nv\u00edctimas fueron identificadas como Oralia L. A. y Rosalino S. R., de 40 y 37\na\u00f1os de edad respectivamente, quienes se reportan delicados de salud.<\/p>\n\n\n\n<p>El segundo ataque armado ocurri\u00f3 en la\nciudad istme\u00f1a de Salina Cruz, donde fue baleado el conductor de un cami\u00f3n de\ntransporte de pasajeros, en la avenida 5 de Mayo casi crucero con Frontera.<\/p>\n\n\n\n<p>La unidad de motor cubr\u00eda la ruta\ncolonia Refiner\u00eda-Centro, cuando el chofer identificado como Juan Daniel\nGonz\u00e1lez, de 29 a\u00f1os, fue agredido; el probable atacante logr\u00f3 huir de la zona,\nmientras que la v\u00edctima fue trasladada a un hospital.<\/p>\n\n\n\n<p>Cerca del mediod\u00eda se report\u00f3 otra\nbalacera, ahora en Huautla de Jim\u00e9nez, regi\u00f3n Ca\u00f1ada de la entidad; los hechos\nocurrieron en la calle Ju\u00e1rez, donde de manera preliminar result\u00f3 lesionada una\npersona del sexo masculino.<\/p>\n\n\n\n<p>Y por la tarde en Juchit\u00e1n de Zaragoza, en\nuna calle de la Quinta Secci\u00f3n se suscit\u00f3 una agresi\u00f3n a balazos, en que fue\nherida una persona, identificada de manera preliminar como Jos\u00e9 H.<\/p>\n\n\n\n<p>Tras los hechos, en esta ocasi\u00f3n la\npolic\u00eda municipal actu\u00f3 de inmediato y detuvo a tres personas, como probables\nresponsables de la agresi\u00f3n.<\/p>\n\n\n\n<p>En tanto, en Ciudad Ixtepec ocurri\u00f3 un\nintento de asalto de la sucursal bancaria ubicada en la calle Moctezuma y 16 de\nSeptiembre; los ladrones no lograron su cometido.<\/p>\n\n\n\n<p>En la zona metropolitana de Valles\nCentrales, se registraron al menos dos asaltos a tiendas Oxxo, una de ellas\nsobre las riberas del r\u00edo Atoyac y otro sobre la avenida Nu\u00f1o del Mercado, sin\nque se confirmara el monto de ambos atracos.<\/p>\n","protected":false},"excerpt":{"rendered":"<p>Ismael Garc\u00eda M.\/Zona Roja. Oaxaca de Ju\u00e1rez, Oax., 1 de marzo de 2020.- Con al&hellip;<\/p>\n","protected":false},"author":2,"featured_media":9393,"comment_status":"closed","ping_status":"open","sticky":false,"template":"","format":"standard","meta":{"_lmt_disableupdate":"","_lmt_disable":"","_jetpack_memberships_contains_paid_content":false,"footnotes":""},"categories":[109,51],"tags":[],"class_list":["post-9392","post","type-post","status-publish","format-standard","has-post-thumbnail","hentry","category-minuto-a-minuto","category-zona-roja"],"jetpack_featured_media_url":"https:\/\/zonaroja.com.mx\/wp-content\/uploads\/2020\/03\/Baledo-SC.jpg","jetpack_sharing_enabled":true,"_links":{"self":[{"href":"https:\/\/zonaroja.com.mx\/index.php?rest_route=\/wp\/v2\/posts\/9392","targetHints":{"allow":["GET"]}}],"collection":[{"href":"https:\/\/zonaroja.com.mx\/index.php?rest_route=\/wp\/v2\/posts"}],"about":[{"href":"https:\/\/zonaroja.com.mx\/index.php?rest_route=\/wp\/v2\/types\/post"}],"author":[{"embeddable":true,"href":"https:\/\/zonaroja.com.mx\/index.php?rest_route=\/wp\/v2\/users\/2"}],"replies":[{"embeddable":true,"href":"https:\/\/zonaroja.com.mx\/index.php?rest_route=%2Fwp%2Fv2%2Fcomments&post=9392"}],"version-history":[{"count":1,"href":"https:\/\/zonaroja.com.mx\/index.php?rest_route=\/wp\/v2\/posts\/9392\/revisions"}],"predecessor-version":[{"id":9394,"href":"https:\/\/zonaroja.com.mx\/index.php?rest_route=\/wp\/v2\/posts\/9392\/revisions\/9394"}],"wp:featuredmedia":[{"embeddable":true,"href":"https:\/\/zonaroja.com.mx\/index.php?rest_route=\/wp\/v2\/media\/9393"}],"wp:attachment":[{"href":"https:\/\/zonaroja.com.mx\/index.php?rest_route=%2Fwp%2Fv2%2Fmedia&parent=9392"}],"wp:term":[{"taxonomy":"category","embeddable":true,"href":"https:\/\/zonaroja.com.mx\/index.php?rest_route=%2Fwp%2Fv2%2Fcategories&post=9392"},{"taxonomy":"post_tag","embeddable":true,"href":"https:\/\/zonaroja.com.mx\/index.php?rest_route=%2Fwp%2Fv2%2Ftags&post=9392"}],"curies":[{"name":"wp","href":"https:\/\/api.w.org\/{rel}","templated":true}]}}