{"id":9395,"date":"2020-03-02T07:30:01","date_gmt":"2020-03-02T13:30:01","guid":{"rendered":"http:\/\/www.zonaroja.com.mx\/?p=9395"},"modified":"2020-03-02T07:30:05","modified_gmt":"2020-03-02T13:30:05","slug":"cerca-coronavius-a-oaxaca-un-caso-confirmado-en-chiapas-3-sospechosos-en-veracruz","status":"publish","type":"post","link":"https:\/\/zonaroja.com.mx\/?p=9395","title":{"rendered":"Cerca coronavius a Oaxaca: un caso confirmado en Chiapas; 3 sospechosos en Veracruz"},"content":{"rendered":"\n<p>Redacci\u00f3n\/Zona Roja Cdmx.<\/p>\n\n\n\n<p>Ciudad de M\u00e9xico, 2 de marzo de 2020.-\nEl coronavirus ya cerca a Oaxaca: un caso fue confirmado ayer en el estado de\nChiapas, mientras que en Veracruz hay tres casos sospechosos.<\/p>\n\n\n\n<p>Este domingo, en San Crist\u00f3bal de Las\nCasas, el titular de la Secretar\u00eda de Salud estatal, Jos\u00e9 Manuel Cruz\nCastellanos, confirm\u00f3 que se detect\u00f3 el primer caso de Covid-19 (coronavirus)\nen Chiapas.<\/p>\n\n\n\n<p>En conferencia de prensa, explic\u00f3 que la\nenferma es una joven de 18 a\u00f1os de edad que se encontraba estudiando en Mil\u00e1n,\nItalia, con otra compa\u00f1era, quien tambi\u00e9n dio positivo al virus en Torre\u00f3n,\nCoahuila.<\/p>\n\n\n\n<p>Se hizo una primera prueba en nuestro\nlaboratorio, que es de primer nivel, y result\u00f3 positiva. La noche del s\u00e1bado se\nenviaron los resultados al Instituto Nacional de Enfermedades Respiratorias, y\nlo confirm\u00f3, agreg\u00f3 Cruz Castellanos. Se\u00f1al\u00f3 que la joven fue visitada en su\ncasa y manifest\u00f3 que comenz\u00f3 con los s\u00edntomas el pasado 24 de febrero.<\/p>\n\n\n\n<p>Puntualiz\u00f3 que se trata de un caso\nasintom\u00e1tico, a quien se le identificaron 14 contactos posteriores a su llegada\na M\u00e9xico, todos los cuales tambi\u00e9n se hallaban asintom\u00e1ticos y no han requerido\natenci\u00f3n m\u00e9dica ni hospitalizaci\u00f3n.<\/p>\n\n\n\n<p>Por separado, el gobernador Rutilio\nEscand\u00f3n Cadenas asegur\u00f3 en su cuenta de Twitter que la paciente se encuentra\nya en etapa asintom\u00e1tica y recibiendo la atenci\u00f3n necesaria. A\u00f1adi\u00f3 que hemos\nseguido todos los protocolos de contenci\u00f3n y la situaci\u00f3n est\u00e1 bajo control,\nadem\u00e1s que pidi\u00f3 a la poblaci\u00f3n atender las recomendaciones sanitarias.<\/p>\n\n\n\n<p>SOSPECHOSOS EN VERACRUZ<\/p>\n\n\n\n<p>En tanto, la Secretar\u00eda de Salud de\nVeracruz dio a conocer que el Laboratorio Estatal de Salud P\u00fablica analiz\u00f3 tres\ncasos sospechosos de coronavirus. Indic\u00f3 que uno de ellos result\u00f3 negativo, y\nenvi\u00f3 los otros dos al Instituto Nacional de Referencia Epidemiol\u00f3gica para\nestudios finales.<\/p>\n\n\n\n<p>Precis\u00f3 que los posibles afectados son\nuna mujer y un var\u00f3n de 27 y 22 a\u00f1os de edad residentes en Xalapa.<\/p>\n","protected":false},"excerpt":{"rendered":"<p>Redacci\u00f3n\/Zona Roja Cdmx. Ciudad de M\u00e9xico, 2 de marzo de 2020.- El coronavirus ya cerca&hellip;<\/p>\n","protected":false},"author":2,"featured_media":9396,"comment_status":"closed","ping_status":"open","sticky":false,"template":"","format":"standard","meta":{"_lmt_disableupdate":"","_lmt_disable":"","_jetpack_memberships_contains_paid_content":false,"footnotes":""},"categories":[109,47],"tags":[1328],"class_list":["post-9395","post","type-post","status-publish","format-standard","has-post-thumbnail","hentry","category-minuto-a-minuto","category-zona-gris","tag-coronavirus-mexico"],"jetpack_featured_media_url":"https:\/\/zonaroja.com.mx\/wp-content\/uploads\/2020\/03\/coronavirus-chiapas.jpg","jetpack_sharing_enabled":true,"_links":{"self":[{"href":"https:\/\/zonaroja.com.mx\/index.php?rest_route=\/wp\/v2\/posts\/9395","targetHints":{"allow":["GET"]}}],"collection":[{"href":"https:\/\/zonaroja.com.mx\/index.php?rest_route=\/wp\/v2\/posts"}],"about":[{"href":"https:\/\/zonaroja.com.mx\/index.php?rest_route=\/wp\/v2\/types\/post"}],"author":[{"embeddable":true,"href":"https:\/\/zonaroja.com.mx\/index.php?rest_route=\/wp\/v2\/users\/2"}],"replies":[{"embeddable":true,"href":"https:\/\/zonaroja.com.mx\/index.php?rest_route=%2Fwp%2Fv2%2Fcomments&post=9395"}],"version-history":[{"count":1,"href":"https:\/\/zonaroja.com.mx\/index.php?rest_route=\/wp\/v2\/posts\/9395\/revisions"}],"predecessor-version":[{"id":9397,"href":"https:\/\/zonaroja.com.mx\/index.php?rest_route=\/wp\/v2\/posts\/9395\/revisions\/9397"}],"wp:featuredmedia":[{"embeddable":true,"href":"https:\/\/zonaroja.com.mx\/index.php?rest_route=\/wp\/v2\/media\/9396"}],"wp:attachment":[{"href":"https:\/\/zonaroja.com.mx\/index.php?rest_route=%2Fwp%2Fv2%2Fmedia&parent=9395"}],"wp:term":[{"taxonomy":"category","embeddable":true,"href":"https:\/\/zonaroja.com.mx\/index.php?rest_route=%2Fwp%2Fv2%2Fcategories&post=9395"},{"taxonomy":"post_tag","embeddable":true,"href":"https:\/\/zonaroja.com.mx\/index.php?rest_route=%2Fwp%2Fv2%2Ftags&post=9395"}],"curies":[{"name":"wp","href":"https:\/\/api.w.org\/{rel}","templated":true}]}}