{"id":9401,"date":"2020-03-02T16:16:41","date_gmt":"2020-03-02T22:16:41","guid":{"rendered":"http:\/\/www.zonaroja.com.mx\/?p=9401"},"modified":"2020-03-02T16:39:04","modified_gmt":"2020-03-02T22:39:04","slug":"niega-segego-reconocimiento-a-autoridades-electas-en-la-mixteca","status":"publish","type":"post","link":"https:\/\/zonaroja.com.mx\/?p=9401","title":{"rendered":"Niega Segego reconocimiento a autoridades electas en la Mixteca"},"content":{"rendered":"\n<p>Yuridiana Sosa\/Zona Roja.<\/p>\n\n\n\n<p>Oaxaca de Ju\u00e1rez, Oax., 2 de marzo de\n2020.- Autoridades electas de la agencia de San Francisco Higos del municipio\nde Santiago del R\u00edo, en la Mixteca, denunciaron que la Secretar\u00eda General de\nGobierno (Segego) no reconoce su elecci\u00f3n y otorg\u00f3 acreditaci\u00f3n a una autoridad\nimpuesta por el edil Leoncio Navarrete Carrasco.<\/p>\n\n\n\n<p>Los afectados acusaron que el presidente\nmunicipal se neg\u00f3 a validar la elecci\u00f3n realizada el 30 de noviembre, regida\npor Sistemas Normativos Internos (SNI), a cambio valid\u00f3 una nueva jornada\ncelebrada el fin de semana pasado, violentando los requisitos establecidos.<\/p>\n\n\n\n<p>Arnulfo Galicia Mendoza, agente electo,\nindic\u00f3 que anteriormente la Segego excusaba que no pod\u00eda avalar su cargo porque\nno contaba con la firma del edil.<\/p>\n\n\n\n<p>Sin embargo, al presentarse este lunes\nen la dependencia para denunciar la supuesta elecci\u00f3n llevada a cabo el 20 de\nfebrero, la Segego les notific\u00f3 que ya entregaron el reconocimiento a quien\nqued\u00f3 electo recientemente, identificado como Roberto G\u00f3mez.<\/p>\n\n\n\n<p>Las autoridades comunitarias se\u00f1alaron\nque Leoncio Navarrete es af\u00edn a los intereses econ\u00f3mico de un empresario\nconstructor de nombre Hugo Roberto Mart\u00ednez Morales, quien el fin de semana\nconvoc\u00f3 a la elecci\u00f3n y pag\u00f3 a un grupo de personas, ancianas en su mayor\u00eda,\npara participar en la votaci\u00f3n.<\/p>\n\n\n\n<p>Esta situaci\u00f3n ha provocado\ninestabilidad social, pues la comunidad reclama el respeto a su autonom\u00eda y a\nsus derechos pol\u00edticos electorales; adem\u00e1s, el vac\u00edo de autoridad ha atrasado\ncualquier gesti\u00f3n institucional en esta \u00fanica agencia municipal de Santiago del\nR\u00edo.<\/p>\n\n\n\n<p>Las autoridades electas demandaron a la\nSegego una mesa de di\u00e1logo para exponer la situaci\u00f3n y la documentaci\u00f3n que\nevidencia el leg\u00edtimo proceso del mes de noviembre.<\/p>\n","protected":false},"excerpt":{"rendered":"<p>Yuridiana Sosa\/Zona Roja. Oaxaca de Ju\u00e1rez, Oax., 2 de marzo de 2020.- Autoridades electas de&hellip;<\/p>\n","protected":false},"author":2,"featured_media":9410,"comment_status":"closed","ping_status":"open","sticky":false,"template":"","format":"standard","meta":{"_lmt_disableupdate":"","_lmt_disable":"","_jetpack_memberships_contains_paid_content":false,"footnotes":""},"categories":[109,47],"tags":[1459],"class_list":["post-9401","post","type-post","status-publish","format-standard","has-post-thumbnail","hentry","category-minuto-a-minuto","category-zona-gris","tag-san-francisco-higos-santiago-del-rio"],"jetpack_featured_media_url":"https:\/\/zonaroja.com.mx\/wp-content\/uploads\/2020\/03\/PHOTO-2020-03-02-15-42-33.jpg","jetpack_sharing_enabled":true,"_links":{"self":[{"href":"https:\/\/zonaroja.com.mx\/index.php?rest_route=\/wp\/v2\/posts\/9401","targetHints":{"allow":["GET"]}}],"collection":[{"href":"https:\/\/zonaroja.com.mx\/index.php?rest_route=\/wp\/v2\/posts"}],"about":[{"href":"https:\/\/zonaroja.com.mx\/index.php?rest_route=\/wp\/v2\/types\/post"}],"author":[{"embeddable":true,"href":"https:\/\/zonaroja.com.mx\/index.php?rest_route=\/wp\/v2\/users\/2"}],"replies":[{"embeddable":true,"href":"https:\/\/zonaroja.com.mx\/index.php?rest_route=%2Fwp%2Fv2%2Fcomments&post=9401"}],"version-history":[{"count":1,"href":"https:\/\/zonaroja.com.mx\/index.php?rest_route=\/wp\/v2\/posts\/9401\/revisions"}],"predecessor-version":[{"id":9411,"href":"https:\/\/zonaroja.com.mx\/index.php?rest_route=\/wp\/v2\/posts\/9401\/revisions\/9411"}],"wp:featuredmedia":[{"embeddable":true,"href":"https:\/\/zonaroja.com.mx\/index.php?rest_route=\/wp\/v2\/media\/9410"}],"wp:attachment":[{"href":"https:\/\/zonaroja.com.mx\/index.php?rest_route=%2Fwp%2Fv2%2Fmedia&parent=9401"}],"wp:term":[{"taxonomy":"category","embeddable":true,"href":"https:\/\/zonaroja.com.mx\/index.php?rest_route=%2Fwp%2Fv2%2Fcategories&post=9401"},{"taxonomy":"post_tag","embeddable":true,"href":"https:\/\/zonaroja.com.mx\/index.php?rest_route=%2Fwp%2Fv2%2Ftags&post=9401"}],"curies":[{"name":"wp","href":"https:\/\/api.w.org\/{rel}","templated":true}]}}