{"id":9408,"date":"2020-03-02T15:21:38","date_gmt":"2020-03-02T21:21:38","guid":{"rendered":"https:\/\/www.zonaroja.com.mx\/?p=9408"},"modified":"2020-03-02T15:21:41","modified_gmt":"2020-03-02T21:21:41","slug":"con-el-pretexto-de-mal-conteo-del-inegi-colotepec-cierra-vialidades-de-la-capital","status":"publish","type":"post","link":"https:\/\/zonaroja.com.mx\/?p=9408","title":{"rendered":"Con el pretexto de mal conteo del INEGI, Colotepec cierra vialidades de la capital"},"content":{"rendered":"\n<p>Evlin Arag\u00f3n\/Zona Roja. <\/p>\n\n\n\n<p><br>Oaxaca de Ju\u00e1rez, Oax., 2 de marzo de 2020.- Habitantes de Santa Mar\u00eda Colotepec arribaron a la capital del estado y bloquearon las principales vialidades de la zona norte para exigir que el Censo de Poblaci\u00f3n 2020 del Instituto Nacional de Estad\u00edstica y Geograf\u00eda (INEGI) se realice con informaci\u00f3n veraz y se tome en cuenta a todas las localidades establecidas.<br>De forma agresiva, cerraron las vialidades en las calles Porfirio D\u00edaz, Nezahualc\u00f3yotl, Emiliano Zapata, Sabinos y Escuela Naval Militar, complicando de sobremanera la circulaci\u00f3n en la zona, ademas de impedir el di\u00e1logo de las autoridades de la Secretar\u00eda General de Gobierno con el grupo de manifestantes.<br>Carmelo Cruz Mendoza, presidente municipal de la localidad, asegur\u00f3 que su presencia en la capital se debe a la falta de respuesta por parte de la dependencia federal, a quien le han enviado oficios en varias ocasiones para pedir que en el Censo 2020 sean tomados en cuenta. <br>\u201cEstamos a favor del Censo es informaci\u00f3n que sirve para saber cu\u00e1ntos somos, como vivimos y que necesitamos, pero no vamos a permitir que el INEGI nos cuente como ellos quieren, nosotros somos un municipio ind\u00edgena zapoteca de Oaxaca y queremos que se respete nuestra autonom\u00eda\u201d, dijo ante los medios de comunicaci\u00f3n. <br>Explic\u00f3 qu\u00e9 hay m\u00e1s de nueve colonias que nos est\u00e1n reconocidas, al igual que rancher\u00edas que tienen otros nombre y no han querido hacer las correcciones, por lo que la informaci\u00f3n con la que actualmente cuenta la dependencia no es real, raz\u00f3n que les oblig\u00f3 a manifestarse en la capital oaxaque\u00f1a. <br>Y es que de acuerdo con el conteo que realiza la dependencia, las autoridades federales y estatales eval\u00faan el n\u00famero de habitantes y se entrega los recursos correspondientes, de ah\u00ed que la autoridad municipal exige un conteo que les beneficie. <\/p>\n\n\n\n<p>Cruz Mendoza explic\u00f3 que desde el Censo del 2010 padecen esta situaci\u00f3n, por lo que exigen que este nuevo conteo se haga respetando a la poblaci\u00f3n, ya que al acudir a realizar gestiones para servicios b\u00e1sicos se las han negado debido a que las localidades no est\u00e1n dadas de alta o tienen otro nombre,  lo que resulta contraproducente para la poblaci\u00f3n que se queda sumida en la pobreza. <br>\u201cQueremos que el gobernador se entere que el INEGI no est\u00e1 contando bien en muchos municipios, Colotepec no se va a quedar callado ya lo hicimos mediante cinco escritos que no han contestado\u201d, explic\u00f3.<br>Apenas el pasado 16 de febrero el gobernador del Oaxaca, Alejandro Murat Hinojosa, hizo presencia en la localidad,  ah\u00ed el edil de Colotepec agradeci\u00f3 los apoyos, al tiempo que refrend\u00f3  su compromiso para seguir trabajando y sumando esfuerzos en beneficio del municipio y la regi\u00f3n.<br>\u201cYo me sumo al plan estrat\u00e9gico de Gobierno que usted encabeza para seguir transformando Oaxaca, la Costa y Santa Mar\u00eda Colotepec\u201d, expres\u00f3 quien hoy encabeza una movilizaci\u00f3n violenta y en perjuicio de cientos de habitantes y transe\u00fantes en la capital.<br>De acuerdo con el testimonio de transe\u00fantes, el bloqueo de vialidades se llev\u00f3 a cabo de forma violenta, con amenazas a quienes pasaban por la zona, e incluso al personal de la Segego que se acerc\u00f3 a dialogar a quienes le exigieron retirarse o de lo contrario los iban amarrar. Hasta las 15:00 horas, las vialidades se manten\u00edan cerradas. <\/p>\n","protected":false},"excerpt":{"rendered":"<p>Evlin Arag\u00f3n\/Zona Roja. Oaxaca de Ju\u00e1rez, Oax., 2 de marzo de 2020.- Habitantes de Santa&hellip;<\/p>\n","protected":false},"author":2,"featured_media":9407,"comment_status":"closed","ping_status":"open","sticky":false,"template":"","format":"standard","meta":{"_lmt_disableupdate":"","_lmt_disable":"","_jetpack_memberships_contains_paid_content":false,"footnotes":""},"categories":[1],"tags":[],"class_list":["post-9408","post","type-post","status-publish","format-standard","has-post-thumbnail","hentry","category-sin-categoria"],"jetpack_featured_media_url":"https:\/\/zonaroja.com.mx\/wp-content\/uploads\/2020\/03\/7287709d-8f71-4f3d-af68-36cddc5f9d6a.jpg","jetpack_sharing_enabled":true,"_links":{"self":[{"href":"https:\/\/zonaroja.com.mx\/index.php?rest_route=\/wp\/v2\/posts\/9408","targetHints":{"allow":["GET"]}}],"collection":[{"href":"https:\/\/zonaroja.com.mx\/index.php?rest_route=\/wp\/v2\/posts"}],"about":[{"href":"https:\/\/zonaroja.com.mx\/index.php?rest_route=\/wp\/v2\/types\/post"}],"author":[{"embeddable":true,"href":"https:\/\/zonaroja.com.mx\/index.php?rest_route=\/wp\/v2\/users\/2"}],"replies":[{"embeddable":true,"href":"https:\/\/zonaroja.com.mx\/index.php?rest_route=%2Fwp%2Fv2%2Fcomments&post=9408"}],"version-history":[{"count":1,"href":"https:\/\/zonaroja.com.mx\/index.php?rest_route=\/wp\/v2\/posts\/9408\/revisions"}],"predecessor-version":[{"id":9409,"href":"https:\/\/zonaroja.com.mx\/index.php?rest_route=\/wp\/v2\/posts\/9408\/revisions\/9409"}],"wp:featuredmedia":[{"embeddable":true,"href":"https:\/\/zonaroja.com.mx\/index.php?rest_route=\/wp\/v2\/media\/9407"}],"wp:attachment":[{"href":"https:\/\/zonaroja.com.mx\/index.php?rest_route=%2Fwp%2Fv2%2Fmedia&parent=9408"}],"wp:term":[{"taxonomy":"category","embeddable":true,"href":"https:\/\/zonaroja.com.mx\/index.php?rest_route=%2Fwp%2Fv2%2Fcategories&post=9408"},{"taxonomy":"post_tag","embeddable":true,"href":"https:\/\/zonaroja.com.mx\/index.php?rest_route=%2Fwp%2Fv2%2Ftags&post=9408"}],"curies":[{"name":"wp","href":"https:\/\/api.w.org\/{rel}","templated":true}]}}