{"id":9413,"date":"2020-03-02T17:32:45","date_gmt":"2020-03-02T23:32:45","guid":{"rendered":"http:\/\/www.zonaroja.com.mx\/?p=9413"},"modified":"2020-03-02T17:32:48","modified_gmt":"2020-03-02T23:32:48","slug":"analizan-medidas-para-que-no-se-exhiba-a-menores-como-objetos-sexuales","status":"publish","type":"post","link":"https:\/\/zonaroja.com.mx\/?p=9413","title":{"rendered":"Analizan medidas para que no se exhiba a menores como objetos sexuales"},"content":{"rendered":"\n<p>Redacci\u00f3n\/Zona Roja.<\/p>\n\n\n\n<p>Oaxaca de Ju\u00e1rez, Oax., 2 de marzo de\n2020.- Propiciar un entorno en el cual las ni\u00f1as y adolescentes no sean\npresentadas como objetos sexuales en actividades escolares, concursos, ferias o\neventos folkl\u00f3ricos p\u00fablicos o privados, es el objetivo de una iniciativa que\nanaliza la 64 Legislatura estatal.<\/p>\n\n\n\n<p>La propuesta consiste en adicionar el\nart\u00edculo 18 bis a la Ley Estatal de Acceso de las Mujeres a una Vida Libre de\nViolencia de G\u00e9nero, a fin de fortalecer las disposiciones legales a favor del\ndesarrollo arm\u00f3nico de este sector de la poblaci\u00f3n, inform\u00f3 el Congreso del\nEstado.<\/p>\n\n\n\n<p>Entre las consideraciones de la\niniciativa se expone que \u201cespecialistas consideran que una sociedad sexualizada\npone en riesgo a los ni\u00f1os y ni\u00f1as, pues pueden interiorizar modelos de\nrelaciones y roles de g\u00e9nero empobrecidos; resalta que las ni\u00f1as tienden a ser\nm\u00e1s vulnerables debido a una cultura que representa a las mujeres como objetos\npara el placer masculino\u201d.<\/p>\n\n\n\n<p>El planteamiento legislativo destaca que\nla sexualizaci\u00f3n ha sido relacionada con tres de los problemas de salud mental\nm\u00e1s comunes en ni\u00f1os y mujeres: problemas de alimentaci\u00f3n anorexia y bulimia,\nuna baja autoestima, y la aparici\u00f3n de depresi\u00f3n o frecuentes estados\ndepresivos.<\/p>\n\n\n\n<p>La iniciativa refiere los tratados\ninternacionales que M\u00e9xico ha suscrito como: la Declaraci\u00f3n sobre los Derechos\nde los Ni\u00f1os y de las Ni\u00f1as; la Convenci\u00f3n sobre los Derechos del Ni\u00f1o;\nProtocolo Facultativo relativo a la venta de ni\u00f1os, la prostituci\u00f3n, infantil y\nla utilizaci\u00f3n de los ni\u00f1os en la pornograf\u00eda (Ley 769 de 2002); y el Protocolo\npara Prevenir, Reprimir y Sancionar la Trata de Personas, especialmente de\nmujeres y ni\u00f1os, entre otros.<\/p>\n\n\n\n<p>De esta forma, la propuesta busca\nconcientizar, visibilizar y reconocer que aquellas actividades impulsadas por\nadultos, tales como festivales escolares, concursos, ferias o eventos folkl\u00f3ricos\np\u00fablicos o privados que promuevan o expongan una imagen hipersexualizada de las\nni\u00f1as y adolescentes, a trav\u00e9s de su participaci\u00f3n en pasarelas, bailes, o\nbien, en las que se les imponga la adopci\u00f3n de poses, c\u00f3digos de vestimenta o\nmaquillaje no apropiados para su edad, implican violencia simb\u00f3lica en contra\nde las ni\u00f1as y adolescentes.<\/p>\n\n\n\n<p>La iniciativa, presentada por la\ndiputada Magaly L\u00f2pez Dom\u00ecnguez, considera que dicha violencia se ejerce a\ntrav\u00e9s de patrones estereotipados, mensajes, valores, \u00edconos o signos que\ntransmiten y reproducen dominaci\u00f3n, desigualdad y discriminaci\u00f3n en las\nrelaciones sociales, naturalizando la subordinaci\u00f3n de la mujer en la sociedad;\nimplica una reproducci\u00f3n encubierta y sistem\u00e1tica, dif\u00edcil de distinguir y\npercibir.<\/p>\n\n\n\n<p>La propuesta descarta que algunas\nactividades sean catalogadas como expresiones culturales o tradicionales de las\ncomunidades, para permitir que ni\u00f1as o adolescentes sean presentadas como\nobjeto sexual. Sin embargo, no se puede hablar de cultura cuando se presentan a\nlas ni\u00f1as o adolescentes como mero objeto sexual para consumo, detalla el texto\nde la Ley Estatal de Acceso de las Mujeres a una Vida Libre de Violencia de\nG\u00e9nero, presentado en la sesi\u00f3n ordinaria del pasado 16 de febrero, mismo que\nfue turnado a comisiones para su an\u00e1lisis.<\/p>\n","protected":false},"excerpt":{"rendered":"<p>Redacci\u00f3n\/Zona Roja. Oaxaca de Ju\u00e1rez, Oax., 2 de marzo de 2020.- Propiciar un entorno en&hellip;<\/p>\n","protected":false},"author":2,"featured_media":9414,"comment_status":"closed","ping_status":"open","sticky":false,"template":"","format":"standard","meta":{"_lmt_disableupdate":"","_lmt_disable":"","_jetpack_memberships_contains_paid_content":false,"footnotes":""},"categories":[109,46],"tags":[793],"class_list":["post-9413","post","type-post","status-publish","format-standard","has-post-thumbnail","hentry","category-minuto-a-minuto","category-zona-blanca","tag-magaly-lopez-dominguez"],"jetpack_featured_media_url":"https:\/\/zonaroja.com.mx\/wp-content\/uploads\/2020\/03\/WhatsApp-Image-2020-03-02-at-16.00.44.jpeg","jetpack_sharing_enabled":true,"_links":{"self":[{"href":"https:\/\/zonaroja.com.mx\/index.php?rest_route=\/wp\/v2\/posts\/9413","targetHints":{"allow":["GET"]}}],"collection":[{"href":"https:\/\/zonaroja.com.mx\/index.php?rest_route=\/wp\/v2\/posts"}],"about":[{"href":"https:\/\/zonaroja.com.mx\/index.php?rest_route=\/wp\/v2\/types\/post"}],"author":[{"embeddable":true,"href":"https:\/\/zonaroja.com.mx\/index.php?rest_route=\/wp\/v2\/users\/2"}],"replies":[{"embeddable":true,"href":"https:\/\/zonaroja.com.mx\/index.php?rest_route=%2Fwp%2Fv2%2Fcomments&post=9413"}],"version-history":[{"count":1,"href":"https:\/\/zonaroja.com.mx\/index.php?rest_route=\/wp\/v2\/posts\/9413\/revisions"}],"predecessor-version":[{"id":9415,"href":"https:\/\/zonaroja.com.mx\/index.php?rest_route=\/wp\/v2\/posts\/9413\/revisions\/9415"}],"wp:featuredmedia":[{"embeddable":true,"href":"https:\/\/zonaroja.com.mx\/index.php?rest_route=\/wp\/v2\/media\/9414"}],"wp:attachment":[{"href":"https:\/\/zonaroja.com.mx\/index.php?rest_route=%2Fwp%2Fv2%2Fmedia&parent=9413"}],"wp:term":[{"taxonomy":"category","embeddable":true,"href":"https:\/\/zonaroja.com.mx\/index.php?rest_route=%2Fwp%2Fv2%2Fcategories&post=9413"},{"taxonomy":"post_tag","embeddable":true,"href":"https:\/\/zonaroja.com.mx\/index.php?rest_route=%2Fwp%2Fv2%2Ftags&post=9413"}],"curies":[{"name":"wp","href":"https:\/\/api.w.org\/{rel}","templated":true}]}}