{"id":9416,"date":"2020-03-02T18:48:32","date_gmt":"2020-03-03T00:48:32","guid":{"rendered":"http:\/\/www.zonaroja.com.mx\/?p=9416"},"modified":"2020-03-02T18:49:09","modified_gmt":"2020-03-03T00:49:09","slug":"promueve-seculta-discriminacion-hacia-grupos-y-artistas-autoctonos","status":"publish","type":"post","link":"https:\/\/zonaroja.com.mx\/?p=9416","title":{"rendered":"Promueve Seculta discriminaci\u00f3n hacia grupos y artistas aut\u00f3ctonos"},"content":{"rendered":"\n<p>Evlin Arag\u00f3n\/Zona Roja.<\/p>\n\n\n\n<p>Oaxaca de Ju\u00e1rez, Oax., 2 de marzo de\n2020.- Tras la queja que se present\u00f3 en contra de la Secretar\u00eda de las Culturas\ny Artes (Seculta) en septiembre del a\u00f1o pasado por presuntos actos de\ndiscriminaci\u00f3n, la Defensor\u00eda de los Derechos Humanos del Pueblo de Oaxaca\nresolvi\u00f3 a favor, aunque no de forma definitiva, de las y los integrantes del\nInstituto Intercultural Calm\u00e9cac, que dirige Nathanael Lorenzo Hern\u00e1ndez.<\/p>\n\n\n\n<p>As\u00ed lo dio a conocer el m\u00fasico y\ncompositor en un encuentro con los medios de comunicaci\u00f3n, en donde celebr\u00f3 que\nel organismo se pronunciara a favor de que el Estado fomente de manera\nprivilegiada espect\u00e1culos masivos que tengan una importante participaci\u00f3n de\nni\u00f1as y ni\u00f1os.<\/p>\n\n\n\n<p>Y es que desde septiembre pasado del\n2019, de forma personal pero preocupado por el bien com\u00fan, Nathanael Lorenzo\nrecurri\u00f3 a la DDHPO para quejarse por el trato desigual y discriminatorio que\nrecibieron los integrantes del Instituto Intercultural Calm\u00e9cac en el marco de\nlas presentaciones de la Guelaguetza.<\/p>\n\n\n\n<p>Les pidieron bajar sus costos por\npresentaci\u00f3n debido a la \u201cfalta de recursos\u201d estatales; sin embargo, despu\u00e9s se\ndescubri\u00f3 que a la agrupaci\u00f3n \u201c\u00c1ngeles Azules\u201d le pagaron una cantidad mucho\nmayor y sin pedirles una \u201crebaja\u201d, como s\u00ed lo hicieron con artistas locales.<\/p>\n\n\n\n<p>La queja ante la Defensor\u00eda se dio por el \u201ctrato desigual, la discriminaci\u00f3n sist\u00e9mica y la violaci\u00f3n a los derechos humanos de las y los creadores locales\u201d, ejercido por la Seculta en perjuicio de quienes integran Instituto Intercultural Calm\u00e9cac.<\/p>\n\n\n\n<figure class=\"wp-block-embed-twitter wp-block-embed is-type-rich is-provider-twitter\"><div class=\"wp-block-embed__wrapper\">\n<div class=\"twitter-tweet\"><blockquote class=\"twitter-tweet\" data-lang=\"es\"><p lang=\"es\" dir=\"ltr\"><a href=\"https:\/\/twitter.com\/hashtag\/OaxacaGris?src=hash&amp;ref_src=twsrc%5Etfw\">#OaxacaGris<\/a><br>El director del Instituto Intercultural Calm\u00e9cac, Nathanael Lorenzo Hern\u00e1ndez, denunci\u00f3 que desde la <a href=\"https:\/\/twitter.com\/SECULTA_GobOax?ref_src=twsrc%5Etfw\">@SECULTA_GobOax<\/a>, su titular <a href=\"https:\/\/twitter.com\/aaguilaroax?ref_src=twsrc%5Etfw\">@aaguilaroax<\/a> promueve la discriminaci\u00f3n hacia la cultura aut\u00f3ctona. Present\u00f3 queja ante la <a href=\"https:\/\/twitter.com\/DDHPO?ref_src=twsrc%5Etfw\">@DDHPO<\/a>. <a href=\"https:\/\/t.co\/DQnnCP1aOu\">pic.twitter.com\/DQnnCP1aOu<\/a><\/p>&mdash; Zona Roja Oaxaca (@MexRoja) <a href=\"https:\/\/twitter.com\/MexRoja\/status\/1234636946158313473?ref_src=twsrc%5Etfw\">3 de marzo de 2020<\/a><\/blockquote><\/div>\n<\/div><\/figure>\n\n\n\n<p>En respuesta a los se\u00f1alamientos del\ndirector del Instituto, la Seculta argument\u00f3: \u201cEl hecho por el cual el hoy\nquejoso considera que sufri\u00f3 un trato discriminatorio por parte de esta Secretar\u00eda\nde las Culturas y las Artes de Oaxaca, resulta improcedente, ya que si bien es\ncierto al grupo \u2018Los \u00c1ngeles Azules\u2019 se le pag\u00f3 un monto diferente al pagado al\nhoy quejoso, esto obedece a razones objetivas en raz\u00f3n de la fama internacional\nque tiene la agrupaci\u00f3n aludida, los gastos de traslado originados por todos\nlos integrantes de la agrupaci\u00f3n y dem\u00e1s servicios contratados para su\npresentaci\u00f3n\u201d.<\/p>\n\n\n\n<p>Mientras que la reciente resoluci\u00f3n de\nla Defensor\u00eda refiere: \u201cdicho argumento no derrota aquellos seg\u00fan los cuales el\nEstado est\u00e1 llamado a realizar espect\u00e1culos masivos dirigidos a los habitantes\nde la entidad, al mismo tiempo que fomentan de manera privilegiada aquellas\nmanifestaciones culturales o expresi\u00f3n musical en la que tienen participaci\u00f3n los\nni\u00f1os, sobre todo considerar que dichas manifestaciones son las inherentes a la\nhistoria, arte, tradiciones, pr\u00e1cticas y conocimientos que los identifican como\npueblo, grupo y comunidad\u201d.<\/p>\n\n\n\n<p>Con lo anterior, Nathanael Lorenzo\nHern\u00e1ndez confi\u00f3 en que la siguiente resoluci\u00f3n definitiva incluya una\nrecomendaci\u00f3n a la dependencia estatal a fin de que no vuelva a incurrir en\nactos de discriminaci\u00f3n en contra del talento local, que al igual que cualquier\notro invierte tiempo y esfuerzo en sus presentaciones, y merece un trato digno\npor parte de las autoridades.<\/p>\n\n\n\n<p>Detall\u00f3 que en estado como Oaxaca donde\nse pondera la cultura, la gastronom\u00eda y las tradiciones es incluso inmoral que\nse le d\u00e9 un trato distinto al talento local, con relaci\u00f3n a los que viene de\nfuera, lo cual no s\u00f3lo tiene que ver con el recurso asignado.&nbsp; <\/p>\n\n\n\n<p>\u201cYo creo que es muy importante recalcar\nque como sociedad civil debemos tomar acciones congruentes apegadas a la ley\npero sobre todo en defensa de ni\u00f1as, ni\u00f1os y j\u00f3venes que se dedican a las m\u00fasica\ny que ven vulnerados sus derechos por las propias autoridades\u201d, sentenci\u00f3 el\nartista en la conferencia de prensa.<\/p>\n","protected":false},"excerpt":{"rendered":"<p>Evlin Arag\u00f3n\/Zona Roja. Oaxaca de Ju\u00e1rez, Oax., 2 de marzo de 2020.- Tras la queja&hellip;<\/p>\n","protected":false},"author":2,"featured_media":9417,"comment_status":"closed","ping_status":"open","sticky":false,"template":"","format":"standard","meta":{"_lmt_disableupdate":"","_lmt_disable":"","_jetpack_memberships_contains_paid_content":false,"footnotes":""},"categories":[109,47],"tags":[1460],"class_list":["post-9416","post","type-post","status-publish","format-standard","has-post-thumbnail","hentry","category-minuto-a-minuto","category-zona-gris","tag-nathanael-lorenzo-hernandez"],"jetpack_featured_media_url":"https:\/\/zonaroja.com.mx\/wp-content\/uploads\/2020\/03\/Nathanael-Lorenzo.png","jetpack_sharing_enabled":true,"_links":{"self":[{"href":"https:\/\/zonaroja.com.mx\/index.php?rest_route=\/wp\/v2\/posts\/9416","targetHints":{"allow":["GET"]}}],"collection":[{"href":"https:\/\/zonaroja.com.mx\/index.php?rest_route=\/wp\/v2\/posts"}],"about":[{"href":"https:\/\/zonaroja.com.mx\/index.php?rest_route=\/wp\/v2\/types\/post"}],"author":[{"embeddable":true,"href":"https:\/\/zonaroja.com.mx\/index.php?rest_route=\/wp\/v2\/users\/2"}],"replies":[{"embeddable":true,"href":"https:\/\/zonaroja.com.mx\/index.php?rest_route=%2Fwp%2Fv2%2Fcomments&post=9416"}],"version-history":[{"count":1,"href":"https:\/\/zonaroja.com.mx\/index.php?rest_route=\/wp\/v2\/posts\/9416\/revisions"}],"predecessor-version":[{"id":9418,"href":"https:\/\/zonaroja.com.mx\/index.php?rest_route=\/wp\/v2\/posts\/9416\/revisions\/9418"}],"wp:featuredmedia":[{"embeddable":true,"href":"https:\/\/zonaroja.com.mx\/index.php?rest_route=\/wp\/v2\/media\/9417"}],"wp:attachment":[{"href":"https:\/\/zonaroja.com.mx\/index.php?rest_route=%2Fwp%2Fv2%2Fmedia&parent=9416"}],"wp:term":[{"taxonomy":"category","embeddable":true,"href":"https:\/\/zonaroja.com.mx\/index.php?rest_route=%2Fwp%2Fv2%2Fcategories&post=9416"},{"taxonomy":"post_tag","embeddable":true,"href":"https:\/\/zonaroja.com.mx\/index.php?rest_route=%2Fwp%2Fv2%2Ftags&post=9416"}],"curies":[{"name":"wp","href":"https:\/\/api.w.org\/{rel}","templated":true}]}}