{"id":9419,"date":"2020-03-02T20:29:33","date_gmt":"2020-03-03T02:29:33","guid":{"rendered":"http:\/\/www.zonaroja.com.mx\/?p=9419"},"modified":"2020-03-02T20:32:51","modified_gmt":"2020-03-03T02:32:51","slug":"emboscan-a-autoridades-auxiliares-en-putla-un-muerto-y-dos-heridos","status":"publish","type":"post","link":"https:\/\/zonaroja.com.mx\/?p=9419","title":{"rendered":"Emboscan a autoridades auxiliares en Putla; un muerto y dos heridos"},"content":{"rendered":"\n<p>Redacci\u00f3n\/Zona Roja.<\/p>\n\n\n\n<p>Oaxaca de Ju\u00e1rez, Oax., 2 de marzo de\n2020.- Sujetos desconocidos, presuntamente a bordo de una motocicleta,\nemboscaron a autoridades auxiliares y pobladores de La Laguna Guadalupe, Putla\nVilla de Guerrero.<\/p>\n\n\n\n<p>El saldo preliminar del ataque armado es\nde una persona fallecida y dos lesionadas, entre estas \u00faltimas el agente\nmunicipal y el s\u00edndico municipal.<\/p>\n\n\n\n<p>De acuerdo con los primeros informes, la\nagresi\u00f3n se perpetr\u00f3 alrededor de las 14:30 horas a un costado de la carretera\nfederal 125, a la altura del kil\u00f3metro 140, en inmediaciones de la localidad de\nGregorio \u00c1lvarez, a unos cinco kil\u00f3metros de la cabecera municipal de Putla.<\/p>\n\n\n\n<p>Las v\u00edctimas fueron identificadas de\nmanera preliminar como Antonio G. C., quien perdi\u00f3 la vida, y los lesionados\nMart\u00edn B. P., de 48 a\u00f1os de edad, agente municipal de La Laguna Guadalupe, y\nDaniel J. B., de 54 a\u00f1os, s\u00edndico municipal.<\/p>\n\n\n\n<p>El ataque armado ocurri\u00f3 apenas unos d\u00edas despu\u00e9s en que la Fiscal\u00eda General del Estado de Oaxaca presumi\u00f3 un cateo efectuado, el 28 de febrero, en un domicilio de la calle Colima del centro de Putla, donde hall\u00f3 \u00fanicamente dos armas cortas, un cargador \u00fatil y 17 cartuchos de diversos calibres.<\/p>\n\n\n\n<figure class=\"wp-block-embed-twitter wp-block-embed is-type-rich is-provider-twitter\"><div class=\"wp-block-embed__wrapper\">\n<div class=\"twitter-tweet\"><blockquote class=\"twitter-tweet\" data-lang=\"es\"><p lang=\"es\" dir=\"ltr\">Asegura <a href=\"https:\/\/twitter.com\/FISCALIA_GobOax?ref_src=twsrc%5Etfw\">@FISCALIA_GobOax<\/a> armas durante cateo realizado en <a href=\"https:\/\/twitter.com\/hashtag\/PutlaVillaDeGuerrero?src=hash&amp;ref_src=twsrc%5Etfw\">#PutlaVillaDeGuerrero<\/a>.<a href=\"https:\/\/twitter.com\/RVasconcelosM?ref_src=twsrc%5Etfw\">@RVasconcelosM<\/a> <a href=\"https:\/\/twitter.com\/FGRMexico?ref_src=twsrc%5Etfw\">@FGRMexico<\/a> <a href=\"https:\/\/twitter.com\/FGR_Oax?ref_src=twsrc%5Etfw\">@FGR_Oax<\/a> <a href=\"https:\/\/twitter.com\/ObsNalCiudadano?ref_src=twsrc%5Etfw\">@ObsNalCiudadano<\/a> <a href=\"https:\/\/twitter.com\/mexevalua?ref_src=twsrc%5Etfw\">@mexevalua<\/a><a href=\"https:\/\/twitter.com\/GN_MEXICO?ref_src=twsrc%5Etfw\">@GN_MEXICO<\/a><a href=\"https:\/\/twitter.com\/PoliciaFedMx?ref_src=twsrc%5Etfw\">@PoliciaFedMx<\/a><a href=\"https:\/\/twitter.com\/DocumentaAC?ref_src=twsrc%5Etfw\">@DocumentaAC<\/a><a href=\"https:\/\/twitter.com\/AsilegalMx?ref_src=twsrc%5Etfw\">@AsilegalMx<\/a><a href=\"https:\/\/twitter.com\/CongresoOaxLXIV?ref_src=twsrc%5Etfw\">@CongresoOaxLXIV<\/a> <a href=\"https:\/\/t.co\/lDdIXnKBuI\">pic.twitter.com\/lDdIXnKBuI<\/a><\/p>&mdash; Fiscal\u00eda General (@FISCALIA_GobOax) <a href=\"https:\/\/twitter.com\/FISCALIA_GobOax\/status\/1234240549147725824?ref_src=twsrc%5Etfw\">1 de marzo de 2020<\/a><\/blockquote><\/div>\n<\/div><\/figure>\n","protected":false},"excerpt":{"rendered":"<p>Redacci\u00f3n\/Zona Roja. Oaxaca de Ju\u00e1rez, Oax., 2 de marzo de 2020.- Sujetos desconocidos, presuntamente a&hellip;<\/p>\n","protected":false},"author":2,"featured_media":2940,"comment_status":"closed","ping_status":"open","sticky":false,"template":"","format":"standard","meta":{"_lmt_disableupdate":"","_lmt_disable":"","_jetpack_memberships_contains_paid_content":false,"footnotes":""},"categories":[109,47],"tags":[1461],"class_list":["post-9419","post","type-post","status-publish","format-standard","has-post-thumbnail","hentry","category-minuto-a-minuto","category-zona-gris","tag-asesinatos-la-laguna-de-guadalupe-putla"],"jetpack_featured_media_url":"https:\/\/zonaroja.com.mx\/wp-content\/uploads\/2019\/08\/Asesinatos.jpg","jetpack_sharing_enabled":true,"_links":{"self":[{"href":"https:\/\/zonaroja.com.mx\/index.php?rest_route=\/wp\/v2\/posts\/9419","targetHints":{"allow":["GET"]}}],"collection":[{"href":"https:\/\/zonaroja.com.mx\/index.php?rest_route=\/wp\/v2\/posts"}],"about":[{"href":"https:\/\/zonaroja.com.mx\/index.php?rest_route=\/wp\/v2\/types\/post"}],"author":[{"embeddable":true,"href":"https:\/\/zonaroja.com.mx\/index.php?rest_route=\/wp\/v2\/users\/2"}],"replies":[{"embeddable":true,"href":"https:\/\/zonaroja.com.mx\/index.php?rest_route=%2Fwp%2Fv2%2Fcomments&post=9419"}],"version-history":[{"count":2,"href":"https:\/\/zonaroja.com.mx\/index.php?rest_route=\/wp\/v2\/posts\/9419\/revisions"}],"predecessor-version":[{"id":9421,"href":"https:\/\/zonaroja.com.mx\/index.php?rest_route=\/wp\/v2\/posts\/9419\/revisions\/9421"}],"wp:featuredmedia":[{"embeddable":true,"href":"https:\/\/zonaroja.com.mx\/index.php?rest_route=\/wp\/v2\/media\/2940"}],"wp:attachment":[{"href":"https:\/\/zonaroja.com.mx\/index.php?rest_route=%2Fwp%2Fv2%2Fmedia&parent=9419"}],"wp:term":[{"taxonomy":"category","embeddable":true,"href":"https:\/\/zonaroja.com.mx\/index.php?rest_route=%2Fwp%2Fv2%2Fcategories&post=9419"},{"taxonomy":"post_tag","embeddable":true,"href":"https:\/\/zonaroja.com.mx\/index.php?rest_route=%2Fwp%2Fv2%2Ftags&post=9419"}],"curies":[{"name":"wp","href":"https:\/\/api.w.org\/{rel}","templated":true}]}}