{"id":9422,"date":"2020-03-02T21:17:38","date_gmt":"2020-03-03T03:17:38","guid":{"rendered":"http:\/\/www.zonaroja.com.mx\/?p=9422"},"modified":"2020-03-02T21:17:41","modified_gmt":"2020-03-03T03:17:41","slug":"dias-antes-de-ser-detenido-cientifico-oaxaqueno-advirtio-sobre-el-coronavirus","status":"publish","type":"post","link":"https:\/\/zonaroja.com.mx\/?p=9422","title":{"rendered":"D\u00edas antes de ser detenido, cient\u00edfico oaxaque\u00f1o advirti\u00f3 sobre el coronavirus"},"content":{"rendered":"\n<p>Evlin Arag\u00f3n\/Zona Roja.<\/p>\n\n\n\n<p>Oaxaca de Ju\u00e1rez, Oax., 2 de marzo de\n2020.- Desde finales de enero de este a\u00f1o, el cient\u00edfico oaxaque\u00f1o, H\u00e9ctor Cabrera\nFuentes, alertaba sobre la necesidad de reforzar las medidas de seguridad en\nlos aeropuertos de cualquier pa\u00eds, incluido M\u00e9xico, en donde las autoridades de\nla Secretar\u00eda de Salud deber\u00edan estar tomando muy en serio la transmisi\u00f3n de\nesta enfermedad.,<\/p>\n\n\n\n<p>\u201cHay que tener mucho cuidado en las fronteras para poder prevenir la epidemia, se han generado protocolos globales para detectar los casos y hay que ser muy meticulosos al momento de seguirlo\u201d, dijo el oaxaque\u00f1o en entrevista telef\u00f3nica para el programa de radio \u201cQu\u00e9 hay de nuevo\u201d, de la periodista Clarisa Toledo.<\/p>\n\n\n\n<figure class=\"wp-block-embed-twitter wp-block-embed is-type-rich is-provider-twitter\"><div class=\"wp-block-embed__wrapper\">\n<div class=\"twitter-tweet\"><blockquote class=\"twitter-tweet\" data-lang=\"es\"><p lang=\"es\" dir=\"ltr\"><a href=\"https:\/\/twitter.com\/hashtag\/Exclusiva?src=hash&amp;ref_src=twsrc%5Etfw\">#Exclusiva<\/a><a href=\"https:\/\/twitter.com\/hashtag\/SomosH%C3%A9ctorAlejandro?src=hash&amp;ref_src=twsrc%5Etfw\">#SomosH\u00e9ctorAlejandro<\/a><br>(1) Dos semanas antes de ser detenido en los Estados Unidos de Norteam\u00e9rica, el cient\u00edfico oaxaque\u00f1o H\u00e9ctor Alejandro Cabrera Fuentes, dio una entrevista exclusiva sobre el <a href=\"https:\/\/twitter.com\/hashtag\/conavirus?src=hash&amp;ref_src=twsrc%5Etfw\">#conavirus<\/a> a <a href=\"https:\/\/twitter.com\/ClarisaToledo?ref_src=twsrc%5Etfw\">@ClarisaToledo<\/a>. Aqu\u00ed lo comparte: <a href=\"https:\/\/t.co\/CHj01PnAGj\">pic.twitter.com\/CHj01PnAGj<\/a><\/p>&mdash; Zona Roja Oaxaca (@MexRoja) <a href=\"https:\/\/twitter.com\/MexRoja\/status\/1234648074645114881?ref_src=twsrc%5Etfw\">3 de marzo de 2020<\/a><\/blockquote><\/div>\n<\/div><\/figure>\n\n\n\n<p>En este sentido, indic\u00f3 que es\nimprescindible darle prioridad al seguimiento de los protocolos de seguridad,\nde lo contrario, M\u00e9xico estar\u00eda en grave riesgo debido a la velocidad con la\nque se propaga el virus en un mundo globalizado y a la constante mutaci\u00f3n de\n\u00e9ste que no ha permitido contar con un m\u00e9dicamente efectivo para combatirlo.<\/p>\n\n\n\n<p>\u201cYo he visto en las noticias a trav\u00e9s de\nla televisi\u00f3n que incluso vuelos aterrizando en Tijuana, que es donde arriban\nlos aviones procedentes de Pek\u00edn, China, no est\u00e1n siguiendo todos los\nprotocolos de seguridad\u201d alert\u00f3.<\/p>\n\n\n\n<p>Y es que de acuerdo con el cient\u00edfico, los pasos a seguir en los aeropuertos incluyen que personal de los servicios de salud cubiertos en la mayor parte de su cuerpo sean quienes revisen la temperatura y los primeros s\u00edntomas de personas que as\u00ed lo ameritan, lo anterior ya que se ha detectado que el contagio podr\u00eda ser a trav\u00e9s de cualquier v\u00eda que tenga alg\u00fan tipo de mucosa, incluidos los ojos.<\/p>\n\n\n\n<figure class=\"wp-block-embed-twitter wp-block-embed is-type-rich is-provider-twitter\"><div class=\"wp-block-embed__wrapper\">\n<div class=\"twitter-tweet\"><blockquote class=\"twitter-tweet\" data-lang=\"es\"><p lang=\"es\" dir=\"ltr\"><a href=\"https:\/\/twitter.com\/hashtag\/Exclusiva?src=hash&amp;ref_src=twsrc%5Etfw\">#Exclusiva<\/a><a href=\"https:\/\/twitter.com\/hashtag\/SomosH%C3%A9ctorAlejandro?src=hash&amp;ref_src=twsrc%5Etfw\">#SomosH\u00e9ctorAlejandro<\/a><br>(2) \u201cNuestro pa\u00eds debe tomar este caso (el coronavirus) muy en serio\u2026 vuelos provenientes de Pek\u00edn no est\u00e1n siguiendo los protocolos de seguridad\u201d, advirti\u00f3 el cient\u00edfico originario de El Espinal, en la \u00faltima entrevista que dio a <a href=\"https:\/\/twitter.com\/ClarisaToledo?ref_src=twsrc%5Etfw\">@ClarisaToledo<\/a>. <a href=\"https:\/\/t.co\/Z9w7AG9DEp\">pic.twitter.com\/Z9w7AG9DEp<\/a><\/p>&mdash; Zona Roja Oaxaca (@MexRoja) <a href=\"https:\/\/twitter.com\/MexRoja\/status\/1234655346389651462?ref_src=twsrc%5Etfw\">3 de marzo de 2020<\/a><\/blockquote><\/div>\n<\/div><\/figure>\n\n\n\n<p>\u201cLas personas que van a revisar la temperatura\nde los pasajeros deben estar totalmente cubiertos y evaluando la temperatura,\nhaciendo el cuestionario de seguridad e identificando si los pasajeros deben de\nentrar al protocolo de resguardo o cuarentena\u201d, explic\u00f3.<\/p>\n\n\n\n<p>Cabrera Fuentes alert\u00f3 sobre la\nnecesidad de reforzar la seguridad sanitaria en las fronteras a fin de prevenir\nlas afectaciones a gran escala de la epidemia, a la par que record\u00f3 que los\nbuenos h\u00e1bitos de higiene son el primer paso para evitar el contagio del\nCoronavirus.<\/p>\n\n\n\n<p>\u201cLa verdad es que es un virus que est\u00e1\nevolucionando muy r\u00e1pido y solo con el apoyo responsable de las autoridades\npodremos prevenir su diseminaci\u00f3n a un mayor n\u00famero de pobladores\u201d, concluy\u00f3.<\/p>\n\n\n\n<p>La entrevista la concedi\u00f3 el cient\u00edfico v\u00eda telef\u00f3nica desde Singapur, el pasado 29 de enero, dos semanas antes de ser detenido en Miami, Florida, Estados Unidos. Este martes se reanuda la audiencia para definir su situaci\u00f3n jur\u00eddica.<\/p>\n\n\n\n<figure class=\"wp-block-embed-twitter wp-block-embed is-type-rich is-provider-twitter\"><div class=\"wp-block-embed__wrapper\">\n<div class=\"twitter-tweet\"><blockquote class=\"twitter-tweet\" data-lang=\"es\"><p lang=\"es\" dir=\"ltr\"><a href=\"https:\/\/twitter.com\/hashtag\/Exclusiva?src=hash&amp;ref_src=twsrc%5Etfw\">#Exclusiva<\/a><a href=\"https:\/\/twitter.com\/hashtag\/SomosH%C3%A9ctorAlejandro?src=hash&amp;ref_src=twsrc%5Etfw\">#SomosH\u00e9ctorAlejandro<\/a><br>(3) \u201cNecesitamos tener mucho cuidado en las fronteras para prevenir\u2026 es un virus que est\u00e1 evolucionando muy r\u00e1pido\u201d, dijo el cient\u00edfico oaxaque\u00f1o H\u00e9ctor Cabrera Fuentes; este martes se reanuda la audiencia de su caso en los EU.<a href=\"https:\/\/twitter.com\/ClarisaToledo?ref_src=twsrc%5Etfw\">@ClarisaToledo<\/a> <a href=\"https:\/\/t.co\/IOBCshV3Zt\">pic.twitter.com\/IOBCshV3Zt<\/a><\/p>&mdash; Zona Roja Oaxaca (@MexRoja) <a href=\"https:\/\/twitter.com\/MexRoja\/status\/1234660172481515520?ref_src=twsrc%5Etfw\">3 de marzo de 2020<\/a><\/blockquote><\/div>\n<\/div><\/figure>\n\n\n\n<p>Pese a la crisis que ha generado a nivel\nglobal el virus y los miles de casos registrados, la Secretaria de Salud a\nnivel federal mantiene la calma y ha anunciado la confirmaci\u00f3n de cinco casos\nen territorio nacional y 11 m\u00e1s como sospechosos<\/p>\n\n\n\n<p>El subsecretario de prevenci\u00f3n y\npromoci\u00f3n de la salud, Hugo L\u00f3pez-Gatell, inform\u00f3 que no hay emergencia\nsanitaria en M\u00e9xico y ello responde a que hoy s\u00ed se sabe c\u00f3mo se comporta el\ncoronavirus, la velocidad a la que se propaga y la proporci\u00f3n de personas que\npudieran perder la vida por el Covid-19.<\/p>\n","protected":false},"excerpt":{"rendered":"<p>Evlin Arag\u00f3n\/Zona Roja. Oaxaca de Ju\u00e1rez, Oax., 2 de marzo de 2020.- Desde finales de&hellip;<\/p>\n","protected":false},"author":2,"featured_media":8921,"comment_status":"closed","ping_status":"open","sticky":false,"template":"","format":"standard","meta":{"_lmt_disableupdate":"","_lmt_disable":"","_jetpack_memberships_contains_paid_content":false,"footnotes":""},"categories":[109,47],"tags":[1392],"class_list":["post-9422","post","type-post","status-publish","format-standard","has-post-thumbnail","hentry","category-minuto-a-minuto","category-zona-gris","tag-hector-alejandro-cabrera-fuentes"],"jetpack_featured_media_url":"https:\/\/zonaroja.com.mx\/wp-content\/uploads\/2020\/02\/H\u00e9ctor-Cabrera-Fuentes.jpg","jetpack_sharing_enabled":true,"_links":{"self":[{"href":"https:\/\/zonaroja.com.mx\/index.php?rest_route=\/wp\/v2\/posts\/9422","targetHints":{"allow":["GET"]}}],"collection":[{"href":"https:\/\/zonaroja.com.mx\/index.php?rest_route=\/wp\/v2\/posts"}],"about":[{"href":"https:\/\/zonaroja.com.mx\/index.php?rest_route=\/wp\/v2\/types\/post"}],"author":[{"embeddable":true,"href":"https:\/\/zonaroja.com.mx\/index.php?rest_route=\/wp\/v2\/users\/2"}],"replies":[{"embeddable":true,"href":"https:\/\/zonaroja.com.mx\/index.php?rest_route=%2Fwp%2Fv2%2Fcomments&post=9422"}],"version-history":[{"count":1,"href":"https:\/\/zonaroja.com.mx\/index.php?rest_route=\/wp\/v2\/posts\/9422\/revisions"}],"predecessor-version":[{"id":9423,"href":"https:\/\/zonaroja.com.mx\/index.php?rest_route=\/wp\/v2\/posts\/9422\/revisions\/9423"}],"wp:featuredmedia":[{"embeddable":true,"href":"https:\/\/zonaroja.com.mx\/index.php?rest_route=\/wp\/v2\/media\/8921"}],"wp:attachment":[{"href":"https:\/\/zonaroja.com.mx\/index.php?rest_route=%2Fwp%2Fv2%2Fmedia&parent=9422"}],"wp:term":[{"taxonomy":"category","embeddable":true,"href":"https:\/\/zonaroja.com.mx\/index.php?rest_route=%2Fwp%2Fv2%2Fcategories&post=9422"},{"taxonomy":"post_tag","embeddable":true,"href":"https:\/\/zonaroja.com.mx\/index.php?rest_route=%2Fwp%2Fv2%2Ftags&post=9422"}],"curies":[{"name":"wp","href":"https:\/\/api.w.org\/{rel}","templated":true}]}}