{"id":9426,"date":"2020-03-03T06:54:28","date_gmt":"2020-03-03T12:54:28","guid":{"rendered":"http:\/\/www.zonaroja.com.mx\/?p=9426"},"modified":"2020-03-03T06:54:31","modified_gmt":"2020-03-03T12:54:31","slug":"benefician-a-escuelas-de-nochixtlan-y-juxtlahuaca-con-mobiliario-y-equipo","status":"publish","type":"post","link":"https:\/\/zonaroja.com.mx\/?p=9426","title":{"rendered":"Benefician a escuelas de Nochixtl\u00e1n y Juxtlahuaca con mobiliario y equipo"},"content":{"rendered":"\n<p>Redacci\u00f3n\/Zona Roja.<\/p>\n\n\n\n<p>Oaxaca de Ju\u00e1rez, Oax., 3 de marzo de\n2020.- El Instituto Estatal de Educaci\u00f3n P\u00fablica de Oaxaca (IEEPO) entreg\u00f3\nmobiliario, equipo y material a 47 planteles de la regi\u00f3n Mixteca, en beneficio\nde siete mil 173 estudiantes.<\/p>\n\n\n\n<p>La inversi\u00f3n total asciende a 885 mil\n228 pesos y las instituciones educativas favorecidas se ubican en los\nmunicipios de: Asunci\u00f3n Nochixtl\u00e1n, Las Tres Cruces, San Andr\u00e9s Nuxi\u00f1o,\nYodonguio, Yutanduchi de Guerrero, Mesones Hidalgo, Putla Villa de Guerrero,\nSanta Mar\u00eda Zacatepec, Santiago Juxtlahuaca, San Miguel Tlacotepec y San\nSebasti\u00e1n Tecomaxtlahuaca.<\/p>\n\n\n\n<p>El director del IEEPO, Francisco \u00c1ngel\nVillarreal, inform\u00f3 que lo anterior es parte de la meta del gobernador\nAlejandro Murat Hinojosa de que las escuelas p\u00fablicas cuenten con lo necesario\npara realizar sus actividades de manera adecuada y digna.<\/p>\n\n\n\n<p>En un primer acto realizado en Asunci\u00f3n\nNochixtl\u00e1n, acompa\u00f1ado de la presidenta municipal, Lizbeth Victoria Huerta y\ndel diputado federal Ir\u00e1n Santiago Manuel, el &nbsp;responsable del Instituto destac\u00f3 que luego de\n12 a\u00f1os de que no se atend\u00eda a los planteles educativos de esta manera, el\ngobernador, en su compromiso con la educaci\u00f3n, ha fortalecido la entrega de\napoyos.<\/p>\n\n\n\n<p>La inversi\u00f3n ejercida en este rubro\nasciende a m\u00e1s de 170 millones de pesos en atenci\u00f3n de aproximadamente 310 mil\nestudiantes de casi tres mil escuelas ubicadas en 271 municipios de las\ndiferentes regiones del estado. Adem\u00e1s, es la segunda ocasi\u00f3n, en los \u00faltimos\nmeses, que se lleva a cabo en Nochixtl\u00e1n, mencion\u00f3.<\/p>\n\n\n\n<p>Indic\u00f3 que en la construcci\u00f3n de una nueva Ley Estatal de Educaci\u00f3n, en la que se contemplan contenidos regionales, el Gobierno del Estado est\u00e1 abierto a recibir propuestas enfocadas al rescate y preservaci\u00f3n de la lengua, cultura, tradiciones, costumbres y saberes comunitarios. <\/p>\n\n\n\n<figure class=\"wp-block-embed-twitter wp-block-embed is-type-rich is-provider-twitter\"><div class=\"wp-block-embed__wrapper\">\n<div class=\"twitter-tweet\"><blockquote class=\"twitter-tweet\" data-lang=\"es\"><p lang=\"es\" dir=\"ltr\">En la Mixteca, el Dir. del IEEPO, <a href=\"https:\/\/twitter.com\/VillarrealPaco?ref_src=twsrc%5Etfw\">@VillarrealPaco<\/a> a nombre del Gobernador <a href=\"https:\/\/twitter.com\/alejandromurat?ref_src=twsrc%5Etfw\">@alejandromurat<\/a>, entreg\u00f3 mobiliario y equipo a 28 planteles de educaci\u00f3n b\u00e1sica en beneficio de 4 mil 470 estudiantes del municipio de Santiago Juxtlahuaca. Asisti\u00f3 el diputado local <a href=\"https:\/\/twitter.com\/arseniomejia07?ref_src=twsrc%5Etfw\">@arseniomejia07<\/a> <a href=\"https:\/\/t.co\/3MVCeli4nR\">pic.twitter.com\/3MVCeli4nR<\/a><\/p>&mdash; IEEPO (@IEEPOGobOax) <a href=\"https:\/\/twitter.com\/IEEPOGobOax\/status\/1234607811813871616?ref_src=twsrc%5Etfw\">2 de marzo de 2020<\/a><\/blockquote><\/div>\n<\/div><\/figure>\n\n\n\n<p>\u201cEste es un paso muy importante que\nvamos a dar puesto que todas las regiones que son diversas entre s\u00ed, podr\u00e1n ser\nincluidas dentro de la atenci\u00f3n de la autoridad educativa\u201d, dijo.<\/p>\n\n\n\n<p>Ante la comunidad escolar se llev\u00f3 a\ncabo la ceremonia c\u00edvica de abanderamiento y toma de protesta a 17 escoltas y\nla entrega de mobiliario, equipo y material escolar a 19 escuelas, entre estas\ndos preescolares ind\u00edgenas, un preescolar general, una primaria ind\u00edgena,\nsiete&nbsp; primarias generales, cuatro\ncentros de educaci\u00f3n inicial ind\u00edgena, un centro de Atenci\u00f3n M\u00faltiple, una\nSecundaria General y dos telesecundarias, que atienden a dos mil 703 alumnas y\nalumnos.<\/p>\n\n\n\n<p>Posteriormente, en Santiago Juxtlahuaca,\nel responsable de la pol\u00edtica educativa en la entidad, destac\u00f3 que el\nmandatario estatal se ha convertido en el mejor aliado del magisterio y de la\neducaci\u00f3n de las ni\u00f1as y ni\u00f1os, quienes son el centro del proceso educativo.<\/p>\n\n\n\n<p>En este municipio, junto con el diputado\nlocal Arsenio Mej\u00eda Garc\u00eda y la s\u00edndico Ithalivy M\u00e9ndez Pacheco, quien asisti\u00f3\ncon la representaci\u00f3n del presidente municipal de Juxtlahuaca, Nicol\u00e1s Enrique\nFeria Romero, el Director General del IEEPO hizo entrega de apoyos por cerca de\nmedio mill\u00f3n de pesos a 28 planteles de educaci\u00f3n preescolar, primaria,\nsecundaria, telesecundaria y una supervisi\u00f3n escolar, en beneficio de 4 mil 470\nestudiantes y 194 docentes.<\/p>\n\n\n\n<p>Autoridades escolares y comit\u00e9s de\npadres de familia, recibieron los apoyos consistentes en lotes de mesas y\nsillas,&nbsp; escritorios, impresoras, equipos\nde sonido, anaqueles, pizarrones, pintura, e instrumentos de banda de guerra,\nentre otros, y agradecieron la atenci\u00f3n del mandatario estatal a las\nnecesidades de los planteles escolares.<\/p>\n","protected":false},"excerpt":{"rendered":"<p>Redacci\u00f3n\/Zona Roja. Oaxaca de Ju\u00e1rez, Oax., 3 de marzo de 2020.- El Instituto Estatal de&hellip;<\/p>\n","protected":false},"author":2,"featured_media":9427,"comment_status":"closed","ping_status":"open","sticky":false,"template":"","format":"standard","meta":{"_lmt_disableupdate":"","_lmt_disable":"","_jetpack_memberships_contains_paid_content":false,"footnotes":""},"categories":[109,46],"tags":[599],"class_list":["post-9426","post","type-post","status-publish","format-standard","has-post-thumbnail","hentry","category-minuto-a-minuto","category-zona-blanca","tag-instituto-estatal-de-educacion-publica-de-oaxaca"],"jetpack_featured_media_url":"https:\/\/zonaroja.com.mx\/wp-content\/uploads\/2020\/03\/3-Nochixtl\u00e1n-IEEPO.jpg","jetpack_sharing_enabled":true,"_links":{"self":[{"href":"https:\/\/zonaroja.com.mx\/index.php?rest_route=\/wp\/v2\/posts\/9426","targetHints":{"allow":["GET"]}}],"collection":[{"href":"https:\/\/zonaroja.com.mx\/index.php?rest_route=\/wp\/v2\/posts"}],"about":[{"href":"https:\/\/zonaroja.com.mx\/index.php?rest_route=\/wp\/v2\/types\/post"}],"author":[{"embeddable":true,"href":"https:\/\/zonaroja.com.mx\/index.php?rest_route=\/wp\/v2\/users\/2"}],"replies":[{"embeddable":true,"href":"https:\/\/zonaroja.com.mx\/index.php?rest_route=%2Fwp%2Fv2%2Fcomments&post=9426"}],"version-history":[{"count":1,"href":"https:\/\/zonaroja.com.mx\/index.php?rest_route=\/wp\/v2\/posts\/9426\/revisions"}],"predecessor-version":[{"id":9428,"href":"https:\/\/zonaroja.com.mx\/index.php?rest_route=\/wp\/v2\/posts\/9426\/revisions\/9428"}],"wp:featuredmedia":[{"embeddable":true,"href":"https:\/\/zonaroja.com.mx\/index.php?rest_route=\/wp\/v2\/media\/9427"}],"wp:attachment":[{"href":"https:\/\/zonaroja.com.mx\/index.php?rest_route=%2Fwp%2Fv2%2Fmedia&parent=9426"}],"wp:term":[{"taxonomy":"category","embeddable":true,"href":"https:\/\/zonaroja.com.mx\/index.php?rest_route=%2Fwp%2Fv2%2Fcategories&post=9426"},{"taxonomy":"post_tag","embeddable":true,"href":"https:\/\/zonaroja.com.mx\/index.php?rest_route=%2Fwp%2Fv2%2Ftags&post=9426"}],"curies":[{"name":"wp","href":"https:\/\/api.w.org\/{rel}","templated":true}]}}